
{"id":1027,"date":"2021-12-20T10:10:15","date_gmt":"2021-12-20T10:10:15","guid":{"rendered":"https:\/\/bitevol.es\/blog\/?p=1027"},"modified":"2022-03-27T08:49:47","modified_gmt":"2022-03-27T08:49:47","slug":"queridos-reyes-magos","status":"publish","type":"post","link":"https:\/\/bitevol.es\/next\/queridos-reyes-magos\/","title":{"rendered":"Queridos Reyes Magos,"},"content":{"rendered":"\n<p>Hace 25 a\u00f1os que no os escribo\nuna carta, pero este a\u00f1o me ha entrado nostalgia al ver como mi hijo lleva\nsemanas pensando en vosotros. Bueno, nostalgia solo no, confieso que tambi\u00e9n un\npoco de envidia. <\/p>\n\n\n\n<p>Y es que l\u00f3gicamente, como es propio en un ni\u00f1o de 5 a\u00f1os, lo que \u00e9l pide son todo cosas materiales (juguetes, cuentos y muuuchos coches) y yo, precisamente, quiero pediros un aporte EXTRA de lo que \u00e9l a\u00fan tiene y todav\u00eda no es consciente de lo que realmente vale: <strong>ilusi\u00f3n, confianza y valor<\/strong>.<\/p>\n\n\n\n<h2 class=\"wp-block-heading\"><strong>Para Melchor:<\/strong><\/h2>\n\n\n\n<p>Melchor, a ti te pido algo que\ntodos dejamos en parte el pasado 2020: <strong>ilusi\u00f3n<\/strong>. Porque no importa lo\npositivo que uno sea o que intentemos afrontar todo con optimismo, el 2020 fue demoledor\npara todos y el 2021 ha seguido un tanto parecido. <\/p>\n\n\n\n<p>Muchas personas han perdido en\nestos dos a\u00f1os a seres queridos y otras lo han pasado realmente mal, tanto a\nnivel de salud como en el \u00e1mbito laboral. Todos, o la gran mayor\u00eda, hemos visto\nc\u00f3mo <strong>nuestro trabajo se ve\u00eda afectado<\/strong>. <\/p>\n\n\n\n<p>ERTES, empresas que han cerrado,\nclientes que han tenido que recortar gastos y no han podido seguir contando con\nnuestros servicios\u2026 As\u00ed que una pizca ilusi\u00f3n estar\u00eda genial para afrontar este\n2022 con esa \u201cchispa\u201d que esta pandemia nos ha robado a todos.<\/p>\n\n\n\n<h2 class=\"wp-block-heading\"><strong>Para Gaspar:<\/strong><\/h2>\n\n\n\n<p>A Gaspar le pido <strong>confianza<\/strong>,\nla misma que tiene mi hijo en vosotros. Esa confianza que se tiene cuando eres\npeque\u00f1o en que nada va a salir mal si tu familia est\u00e1 a tu lado. Creo que todos\nnecesitamos recuperarla, confiar REALMENTE en que todo va a ir a mejor, que\nsolo hemos vivido un bache y que podremos salir m\u00e1s fuertes. <\/p>\n\n\n\n<p>Aunque en estos dos a\u00f1os hemos\nido remontando, creo que el problema es que llevamos muchos meses\nrepiti\u00e9ndonoslo y cada vez, esa confianza va mermando, as\u00ed que me encantar\u00eda\nque este a\u00f1o pod\u00e1is repartir un poco de ella. <\/p>\n\n\n\n<h2 class=\"wp-block-heading\"><strong>Para Baltasar:<\/strong><\/h2>\n\n\n\n<p>Y para Baltasar me reservo el\nregalo que creo que es m\u00e1s dif\u00edcil de conseguir, sobre todo, tras todo lo que\nhemos vivido: <strong>valor<\/strong>. Ojal\u00e1 volvi\u00e9ramos a sentir esa fuerza interna de\ncuando \u00e9ramos ni\u00f1os en la que sent\u00edamos que pod\u00edamos con todo, que nos\ncomer\u00edamos el mundo. <\/p>\n\n\n\n<p>Ojal\u00e1 todos pudi\u00e9ramos dejar de\ntener miedo y contar con el coraje para hacer\/pedir\/conseguir lo que realmente queremos\ny necesitamos. Y hablo en plural porque creo que no soy la \u00fanica. <\/p>\n\n\n\n<p>En 2020 vinieron tiempos de cambios\ny ya se han establecido para quedarse. Y todos necesitamos ese <strong>valor para\narriesgar en nuevos proyectos<\/strong> sin titubeos, de mejorar profesionalmente\nhacia lo que realmente nos conviene, de dar un cambio radical a nuestro negocio\nsi es lo que nuestros clientes piden.<\/p>\n\n\n\n<blockquote class=\"wp-block-quote is-layout-flow wp-block-quote-is-layout-flow\"><p><strong>La ilusi\u00f3n, la confianza y el valor est\u00e1n innatos en nosotros, pero no s\u00e9 en qu\u00e9 momento de nuestra vida se van desvaneciendo.<\/strong><\/p><\/blockquote>\n\n\n\n<p>S\u00e9 que no es f\u00e1cil conseguirlos.\nTampoco es justo escribiros solo cuando los problemas se complican. Pero como\ndec\u00eda al principio, quiero recuperar estos tres sentimientos y voy a poner todo\nmi empe\u00f1o en ello. <\/p>\n\n\n\n<p>Y ojal\u00e1 que no sea la \u00fanica con\nestos deseos, porque, aunque han seguido surgiendo proyectos en estos meses, en\ntodos ellos faltaba una pizca extra de ilusi\u00f3n, confianza y valor.<\/p>\n\n\n\n<p>Gracias por vuestro tiempo,<\/p>\n","protected":false},"excerpt":{"rendered":"<p>\u00bfCu\u00e1nto hace que no escribes una carta a los Reyes Magos? Esta es la m\u00eda para este 2022&#8230;<\/p>\n","protected":false},"author":10,"featured_media":1028,"comment_status":"closed","ping_status":"closed","sticky":false,"template":"","format":"standard","meta":{"_acf_changed":false,"footnotes":""},"categories":[7],"tags":[8],"class_list":["post-1027","post","type-post","status-publish","format-standard","has-post-thumbnail","hentry","category-cambio","tag-cambio"],"acf":[],"yoast_head":"<!-- This site is optimized with the Yoast SEO plugin v27.2 - https:\/\/yoast.com\/product\/yoast-seo-wordpress\/ -->\n<title>Queridos Reyes Magos | Un post de Laura Crusellas para el blog Bitevol<\/title>\n<meta name=\"description\" content=\"\u00bfCu\u00e1ntos a\u00f1os han pasado desde que no escribes una carta a los Reyes Magos? Yo he vuelto a hacerlo despu\u00e9s de mucho tiempo, \u00bfquieres leerla?\" \/>\n<meta name=\"robots\" content=\"index, follow, max-snippet:-1, max-image-preview:large, max-video-preview:-1\" \/>\n<link rel=\"canonical\" href=\"https:\/\/bitevol.es\/next\/queridos-reyes-magos\/\" \/>\n<meta property=\"og:locale\" content=\"es_ES\" \/>\n<meta property=\"og:type\" content=\"article\" \/>\n<meta property=\"og:title\" content=\"Queridos Reyes Magos | Un post de Laura Crusellas para el blog Bitevol\" \/>\n<meta property=\"og:description\" content=\"\u00bfCu\u00e1ntos a\u00f1os han pasado desde que no escribes una carta a los Reyes Magos? Yo he vuelto a hacerlo despu\u00e9s de mucho tiempo, \u00bfquieres leerla?\" \/>\n<meta property=\"og:url\" content=\"https:\/\/bitevol.es\/next\/queridos-reyes-magos\/\" \/>\n<meta property=\"og:site_name\" content=\"Blog de Bitevol\" \/>\n<meta property=\"article:published_time\" content=\"2021-12-20T10:10:15+00:00\" \/>\n<meta property=\"article:modified_time\" content=\"2022-03-27T08:49:47+00:00\" \/>\n<meta property=\"og:image\" content=\"https:\/\/bitevol.es\/next\/wp-content\/uploads\/2021\/12\/reyes-magos.jpg\" \/>\n\t<meta property=\"og:image:width\" content=\"350\" \/>\n\t<meta property=\"og:image:height\" content=\"256\" \/>\n\t<meta property=\"og:image:type\" content=\"image\/jpeg\" \/>\n<meta name=\"author\" content=\"Laura Crusellas\" \/>\n<meta name=\"twitter:card\" content=\"summary_large_image\" \/>\n<meta name=\"twitter:label1\" content=\"Escrito por\" \/>\n\t<meta name=\"twitter:data1\" content=\"Laura Crusellas\" \/>\n\t<meta name=\"twitter:label2\" content=\"Tiempo de lectura\" \/>\n\t<meta name=\"twitter:data2\" content=\"3 minutos\" \/>\n<script type=\"application\/ld+json\" class=\"yoast-schema-graph\">{\"@context\":\"https:\/\/schema.org\",\"@graph\":[{\"@type\":\"Article\",\"@id\":\"https:\/\/bitevol.es\/next\/queridos-reyes-magos\/#article\",\"isPartOf\":{\"@id\":\"https:\/\/bitevol.es\/next\/queridos-reyes-magos\/\"},\"author\":{\"name\":\"Laura Crusellas\",\"@id\":\"https:\/\/bitevol.es\/next\/#\/schema\/person\/9ec26568024c04c2ba2c35b4a2fb2ce7\"},\"headline\":\"Queridos Reyes Magos,\",\"datePublished\":\"2021-12-20T10:10:15+00:00\",\"dateModified\":\"2022-03-27T08:49:47+00:00\",\"mainEntityOfPage\":{\"@id\":\"https:\/\/bitevol.es\/next\/queridos-reyes-magos\/\"},\"wordCount\":581,\"publisher\":{\"@id\":\"https:\/\/bitevol.es\/next\/#organization\"},\"image\":{\"@id\":\"https:\/\/bitevol.es\/next\/queridos-reyes-magos\/#primaryimage\"},\"thumbnailUrl\":\"https:\/\/bitevol.es\/next\/wp-content\/uploads\/2021\/12\/reyes-magos.jpg\",\"keywords\":[\"cambio\"],\"articleSection\":[\"Cambio\"],\"inLanguage\":\"es\"},{\"@type\":\"WebPage\",\"@id\":\"https:\/\/bitevol.es\/next\/queridos-reyes-magos\/\",\"url\":\"https:\/\/bitevol.es\/next\/queridos-reyes-magos\/\",\"name\":\"Queridos Reyes Magos | Un post de Laura Crusellas para el blog Bitevol\",\"isPartOf\":{\"@id\":\"https:\/\/bitevol.es\/next\/#website\"},\"primaryImageOfPage\":{\"@id\":\"https:\/\/bitevol.es\/next\/queridos-reyes-magos\/#primaryimage\"},\"image\":{\"@id\":\"https:\/\/bitevol.es\/next\/queridos-reyes-magos\/#primaryimage\"},\"thumbnailUrl\":\"https:\/\/bitevol.es\/next\/wp-content\/uploads\/2021\/12\/reyes-magos.jpg\",\"datePublished\":\"2021-12-20T10:10:15+00:00\",\"dateModified\":\"2022-03-27T08:49:47+00:00\",\"description\":\"\u00bfCu\u00e1ntos a\u00f1os han pasado desde que no escribes una carta a los Reyes Magos? Yo he vuelto a hacerlo despu\u00e9s de mucho tiempo, \u00bfquieres leerla?\",\"breadcrumb\":{\"@id\":\"https:\/\/bitevol.es\/next\/queridos-reyes-magos\/#breadcrumb\"},\"inLanguage\":\"es\",\"potentialAction\":[{\"@type\":\"ReadAction\",\"target\":[\"https:\/\/bitevol.es\/next\/queridos-reyes-magos\/\"]}]},{\"@type\":\"ImageObject\",\"inLanguage\":\"es\",\"@id\":\"https:\/\/bitevol.es\/next\/queridos-reyes-magos\/#primaryimage\",\"url\":\"https:\/\/bitevol.es\/next\/wp-content\/uploads\/2021\/12\/reyes-magos.jpg\",\"contentUrl\":\"https:\/\/bitevol.es\/next\/wp-content\/uploads\/2021\/12\/reyes-magos.jpg\",\"width\":350,\"height\":256,\"caption\":\"reyes magos\"},{\"@type\":\"BreadcrumbList\",\"@id\":\"https:\/\/bitevol.es\/next\/queridos-reyes-magos\/#breadcrumb\",\"itemListElement\":[{\"@type\":\"ListItem\",\"position\":1,\"name\":\"Portada\",\"item\":\"https:\/\/bitevol.es\/next\/\"},{\"@type\":\"ListItem\",\"position\":2,\"name\":\"Queridos Reyes Magos,\"}]},{\"@type\":\"WebSite\",\"@id\":\"https:\/\/bitevol.es\/next\/#website\",\"url\":\"https:\/\/bitevol.es\/next\/\",\"name\":\"Blog de Bitevol\",\"description\":\"Oxigena tu estrategia digital\",\"publisher\":{\"@id\":\"https:\/\/bitevol.es\/next\/#organization\"},\"potentialAction\":[{\"@type\":\"SearchAction\",\"target\":{\"@type\":\"EntryPoint\",\"urlTemplate\":\"https:\/\/bitevol.es\/next\/?s={search_term_string}\"},\"query-input\":{\"@type\":\"PropertyValueSpecification\",\"valueRequired\":true,\"valueName\":\"search_term_string\"}}],\"inLanguage\":\"es\"},{\"@type\":\"Organization\",\"@id\":\"https:\/\/bitevol.es\/next\/#organization\",\"name\":\"BitEvol\",\"url\":\"https:\/\/bitevol.es\/next\/\",\"logo\":{\"@type\":\"ImageObject\",\"inLanguage\":\"es\",\"@id\":\"https:\/\/bitevol.es\/next\/#\/schema\/logo\/image\/\",\"url\":\"https:\/\/bitevol.es\/next\/wp-content\/uploads\/2018\/06\/bitevol-01.png\",\"contentUrl\":\"https:\/\/bitevol.es\/next\/wp-content\/uploads\/2018\/06\/bitevol-01.png\",\"width\":781,\"height\":324,\"caption\":\"BitEvol\"},\"image\":{\"@id\":\"https:\/\/bitevol.es\/next\/#\/schema\/logo\/image\/\"}},{\"@type\":\"Person\",\"@id\":\"https:\/\/bitevol.es\/next\/#\/schema\/person\/9ec26568024c04c2ba2c35b4a2fb2ce7\",\"name\":\"Laura Crusellas\",\"image\":{\"@type\":\"ImageObject\",\"inLanguage\":\"es\",\"@id\":\"https:\/\/secure.gravatar.com\/avatar\/e2771eb7de60f524efb19caf1f8f4aff4e2eec04623582d33dbfdc044f4b1db3?s=96&d=mm&r=g\",\"url\":\"https:\/\/secure.gravatar.com\/avatar\/e2771eb7de60f524efb19caf1f8f4aff4e2eec04623582d33dbfdc044f4b1db3?s=96&d=mm&r=g\",\"contentUrl\":\"https:\/\/secure.gravatar.com\/avatar\/e2771eb7de60f524efb19caf1f8f4aff4e2eec04623582d33dbfdc044f4b1db3?s=96&d=mm&r=g\",\"caption\":\"Laura Crusellas\"},\"description\":\"Soy periodista y apasionada del Marketing Digital. He trabajado en radio, TV y desde 2013 el entorno 2.0.\",\"url\":\"https:\/\/bitevol.es\/next\/author\/laura-crusellasgmail-com\/\"}]}<\/script>\n<!-- \/ Yoast SEO plugin. -->","yoast_head_json":{"title":"Queridos Reyes Magos | Un post de Laura Crusellas para el blog Bitevol","description":"\u00bfCu\u00e1ntos a\u00f1os han pasado desde que no escribes una carta a los Reyes Magos? Yo he vuelto a hacerlo despu\u00e9s de mucho tiempo, \u00bfquieres leerla?","robots":{"index":"index","follow":"follow","max-snippet":"max-snippet:-1","max-image-preview":"max-image-preview:large","max-video-preview":"max-video-preview:-1"},"canonical":"https:\/\/bitevol.es\/next\/queridos-reyes-magos\/","og_locale":"es_ES","og_type":"article","og_title":"Queridos Reyes Magos | Un post de Laura Crusellas para el blog Bitevol","og_description":"\u00bfCu\u00e1ntos a\u00f1os han pasado desde que no escribes una carta a los Reyes Magos? Yo he vuelto a hacerlo despu\u00e9s de mucho tiempo, \u00bfquieres leerla?","og_url":"https:\/\/bitevol.es\/next\/queridos-reyes-magos\/","og_site_name":"Blog de Bitevol","article_published_time":"2021-12-20T10:10:15+00:00","article_modified_time":"2022-03-27T08:49:47+00:00","og_image":[{"width":350,"height":256,"url":"https:\/\/bitevol.es\/next\/wp-content\/uploads\/2021\/12\/reyes-magos.jpg","type":"image\/jpeg"}],"author":"Laura Crusellas","twitter_card":"summary_large_image","twitter_misc":{"Escrito por":"Laura Crusellas","Tiempo de lectura":"3 minutos"},"schema":{"@context":"https:\/\/schema.org","@graph":[{"@type":"Article","@id":"https:\/\/bitevol.es\/next\/queridos-reyes-magos\/#article","isPartOf":{"@id":"https:\/\/bitevol.es\/next\/queridos-reyes-magos\/"},"author":{"name":"Laura Crusellas","@id":"https:\/\/bitevol.es\/next\/#\/schema\/person\/9ec26568024c04c2ba2c35b4a2fb2ce7"},"headline":"Queridos Reyes Magos,","datePublished":"2021-12-20T10:10:15+00:00","dateModified":"2022-03-27T08:49:47+00:00","mainEntityOfPage":{"@id":"https:\/\/bitevol.es\/next\/queridos-reyes-magos\/"},"wordCount":581,"publisher":{"@id":"https:\/\/bitevol.es\/next\/#organization"},"image":{"@id":"https:\/\/bitevol.es\/next\/queridos-reyes-magos\/#primaryimage"},"thumbnailUrl":"https:\/\/bitevol.es\/next\/wp-content\/uploads\/2021\/12\/reyes-magos.jpg","keywords":["cambio"],"articleSection":["Cambio"],"inLanguage":"es"},{"@type":"WebPage","@id":"https:\/\/bitevol.es\/next\/queridos-reyes-magos\/","url":"https:\/\/bitevol.es\/next\/queridos-reyes-magos\/","name":"Queridos Reyes Magos | Un post de Laura Crusellas para el blog Bitevol","isPartOf":{"@id":"https:\/\/bitevol.es\/next\/#website"},"primaryImageOfPage":{"@id":"https:\/\/bitevol.es\/next\/queridos-reyes-magos\/#primaryimage"},"image":{"@id":"https:\/\/bitevol.es\/next\/queridos-reyes-magos\/#primaryimage"},"thumbnailUrl":"https:\/\/bitevol.es\/next\/wp-content\/uploads\/2021\/12\/reyes-magos.jpg","datePublished":"2021-12-20T10:10:15+00:00","dateModified":"2022-03-27T08:49:47+00:00","description":"\u00bfCu\u00e1ntos a\u00f1os han pasado desde que no escribes una carta a los Reyes Magos? Yo he vuelto a hacerlo despu\u00e9s de mucho tiempo, \u00bfquieres leerla?","breadcrumb":{"@id":"https:\/\/bitevol.es\/next\/queridos-reyes-magos\/#breadcrumb"},"inLanguage":"es","potentialAction":[{"@type":"ReadAction","target":["https:\/\/bitevol.es\/next\/queridos-reyes-magos\/"]}]},{"@type":"ImageObject","inLanguage":"es","@id":"https:\/\/bitevol.es\/next\/queridos-reyes-magos\/#primaryimage","url":"https:\/\/bitevol.es\/next\/wp-content\/uploads\/2021\/12\/reyes-magos.jpg","contentUrl":"https:\/\/bitevol.es\/next\/wp-content\/uploads\/2021\/12\/reyes-magos.jpg","width":350,"height":256,"caption":"reyes magos"},{"@type":"BreadcrumbList","@id":"https:\/\/bitevol.es\/next\/queridos-reyes-magos\/#breadcrumb","itemListElement":[{"@type":"ListItem","position":1,"name":"Portada","item":"https:\/\/bitevol.es\/next\/"},{"@type":"ListItem","position":2,"name":"Queridos Reyes Magos,"}]},{"@type":"WebSite","@id":"https:\/\/bitevol.es\/next\/#website","url":"https:\/\/bitevol.es\/next\/","name":"Blog de Bitevol","description":"Oxigena tu estrategia digital","publisher":{"@id":"https:\/\/bitevol.es\/next\/#organization"},"potentialAction":[{"@type":"SearchAction","target":{"@type":"EntryPoint","urlTemplate":"https:\/\/bitevol.es\/next\/?s={search_term_string}"},"query-input":{"@type":"PropertyValueSpecification","valueRequired":true,"valueName":"search_term_string"}}],"inLanguage":"es"},{"@type":"Organization","@id":"https:\/\/bitevol.es\/next\/#organization","name":"BitEvol","url":"https:\/\/bitevol.es\/next\/","logo":{"@type":"ImageObject","inLanguage":"es","@id":"https:\/\/bitevol.es\/next\/#\/schema\/logo\/image\/","url":"https:\/\/bitevol.es\/next\/wp-content\/uploads\/2018\/06\/bitevol-01.png","contentUrl":"https:\/\/bitevol.es\/next\/wp-content\/uploads\/2018\/06\/bitevol-01.png","width":781,"height":324,"caption":"BitEvol"},"image":{"@id":"https:\/\/bitevol.es\/next\/#\/schema\/logo\/image\/"}},{"@type":"Person","@id":"https:\/\/bitevol.es\/next\/#\/schema\/person\/9ec26568024c04c2ba2c35b4a2fb2ce7","name":"Laura Crusellas","image":{"@type":"ImageObject","inLanguage":"es","@id":"https:\/\/secure.gravatar.com\/avatar\/e2771eb7de60f524efb19caf1f8f4aff4e2eec04623582d33dbfdc044f4b1db3?s=96&d=mm&r=g","url":"https:\/\/secure.gravatar.com\/avatar\/e2771eb7de60f524efb19caf1f8f4aff4e2eec04623582d33dbfdc044f4b1db3?s=96&d=mm&r=g","contentUrl":"https:\/\/secure.gravatar.com\/avatar\/e2771eb7de60f524efb19caf1f8f4aff4e2eec04623582d33dbfdc044f4b1db3?s=96&d=mm&r=g","caption":"Laura Crusellas"},"description":"Soy periodista y apasionada del Marketing Digital. He trabajado en radio, TV y desde 2013 el entorno 2.0.","url":"https:\/\/bitevol.es\/next\/author\/laura-crusellasgmail-com\/"}]}},"_links":{"self":[{"href":"https:\/\/bitevol.es\/next\/wp-json\/wp\/v2\/posts\/1027","targetHints":{"allow":["GET"]}}],"collection":[{"href":"https:\/\/bitevol.es\/next\/wp-json\/wp\/v2\/posts"}],"about":[{"href":"https:\/\/bitevol.es\/next\/wp-json\/wp\/v2\/types\/post"}],"author":[{"embeddable":true,"href":"https:\/\/bitevol.es\/next\/wp-json\/wp\/v2\/users\/10"}],"replies":[{"embeddable":true,"href":"https:\/\/bitevol.es\/next\/wp-json\/wp\/v2\/comments?post=1027"}],"version-history":[{"count":2,"href":"https:\/\/bitevol.es\/next\/wp-json\/wp\/v2\/posts\/1027\/revisions"}],"predecessor-version":[{"id":1030,"href":"https:\/\/bitevol.es\/next\/wp-json\/wp\/v2\/posts\/1027\/revisions\/1030"}],"wp:featuredmedia":[{"embeddable":true,"href":"https:\/\/bitevol.es\/next\/wp-json\/wp\/v2\/media\/1028"}],"wp:attachment":[{"href":"https:\/\/bitevol.es\/next\/wp-json\/wp\/v2\/media?parent=1027"}],"wp:term":[{"taxonomy":"category","embeddable":true,"href":"https:\/\/bitevol.es\/next\/wp-json\/wp\/v2\/categories?post=1027"},{"taxonomy":"post_tag","embeddable":true,"href":"https:\/\/bitevol.es\/next\/wp-json\/wp\/v2\/tags?post=1027"}],"curies":[{"name":"wp","href":"https:\/\/api.w.org\/{rel}","templated":true}]}}