
{"id":1107,"date":"2022-12-19T14:46:46","date_gmt":"2022-12-19T14:46:46","guid":{"rendered":"http:\/\/bitevol.es\/blog\/?p=1107"},"modified":"2022-12-05T15:31:33","modified_gmt":"2022-12-05T15:31:33","slug":"la-educacion-es-la-clave","status":"publish","type":"post","link":"https:\/\/bitevol.es\/next\/la-educacion-es-la-clave\/","title":{"rendered":"La educaci\u00f3n es la clave"},"content":{"rendered":"\n<p>El concepto que ten\u00edan nuestros padres y abuelos sobre una profesi\u00f3n difiere mucho a lo que ahora est\u00e1n viviendo muchos sectores. <strong>En los \u00faltimos 20 a\u00f1os han surgido infinidad de nuevas carreras, especialidades y demandas <\/strong>por parte de cualquier negocio y, todas ellas tienen que ver con la tecnolog\u00eda.<\/p>\n\n\n\n<p>Dentro de este crecimiento de la tecnolog\u00eda <strong>destaca la digitalizaci\u00f3n, una necesidad que ha afectado a todo tipo de negocios<\/strong> tras la pandemia. <\/p>\n\n\n\n<p>Hace 10 a\u00f1os, el porcentaje de empresas que estaban teniendo presencia en el mundo digital era insignificante. 5 a\u00f1os m\u00e1s tarde, muchos se pusieron las pilas y el salto online fue muy notorio. <strong>Pero 2020 fue un a\u00f1o decisivo para todos a nivel profesional: \u201cdigitalizarse o morir\u201d. <\/strong><\/p>\n\n\n\n<p>Como consecuencia, surgi\u00f3 la <strong>demanda de todo tipo de profesionales expertos en esta materia <\/strong>que ofrecen soluciones a cualquiera que quiera ser visible, vencer y\/o crecer en el entorno digital.<\/p>\n\n\n\n<p>Sin embargo, \u00e9ste var\u00eda constantemente y, adem\u00e1s, a un ritmo vertiginoso. Del mismo modo que surgieron estas nuevas profesiones en un abrir y cerrar de ojos, surgen actualizaciones de ellas. <strong>Y la clave para tener \u00e9xito como profesional es la educaci\u00f3n.<\/strong><\/p>\n\n\n\n<h2 class=\"wp-block-heading\"><strong>Formarse y actualizarse<\/strong><\/h2>\n\n\n\n<p>Antiguamente estudiabas, cog\u00edas experiencia e ibas creciendo dentro de una empresa. La gran mayor\u00eda solo trabajaban en uno o dos negocios diferentes durante toda su vida laboral. <strong>La forma de crecer como profesional consist\u00eda b\u00e1sicamente <\/strong>en hacer bien tu trabajo, en esforzarte y aprovechar oportunidades cuando otros se jubilaban o cambiaban de puesto.<\/p>\n\n\n\n<p>Hoy en d\u00eda el panorama es diferente, sobre todo en estas profesiones relacionadas con el entorno digital. Si quieres evolucionar y quieres mejorar, ya no depende de factores externos, <strong>est\u00e1 solo en tu mano: la educaci\u00f3n.<\/strong><\/p>\n\n\n\n<p>No hablo de tener una carrera, un par de m\u00e1sters y hablar varios idiomas -que ya sabemos que tambi\u00e9n se demanda-, <strong>me refiero a formarnos en aquello que nos va a ayudar a llegar a donde queremos<\/strong>.<\/p>\n\n\n\n<p>Igual que las empresas tienen sus objetivos, <strong>t\u00fa como profesional tambi\u00e9n debes tenerlos<\/strong>. Y s\u00ed, la suerte puede ser un factor decisivo para muchos, pero el 90% depende de ti, de lo que sabes y de lo que haces con lo que has aprendido.<\/p>\n\n\n\n<p>Otra de las grandes ventajas que tenemos en la actualidad en cuanto a formaci\u00f3n comparado con unas d\u00e9cadas atr\u00e1s es la accesibilidad. <strong>Podemos aprender de todo lo que queramos<\/strong>, desde cualquier parte del mundo, en nuestro trayecto en bus o tomando apuntes en casa, pagando o de forma gratuita\u2026 <\/p>\n\n\n\n<p>Llegar a ser el profesional que quieres ser est\u00e1 a tu alcance, solo necesitas una cosa: <strong>invertir tu tiempo -y seguramente tu dinero- en formarte y actualizarte.<\/strong> <\/p>\n\n\n\n<h2 class=\"wp-block-heading\"><strong>Ejecutar y mejorar<\/strong><\/h2>\n\n\n\n<p>Lo que nos ense\u00f1an desde peque\u00f1os es que aprender es sin\u00f3nimo de estudiar, y no es del todo cierto, ya que este \u00faltimo solo es la primera fase de todo lo que implica la educaci\u00f3n. <strong>Ning\u00fan alumno est\u00e1 preparado si se ha formado, pero luego no lo ha puesto en pr\u00e1ctica<\/strong>.<\/p>\n\n\n\n<p>Por lo tanto, para que un <strong>profesional del mundo digital <\/strong>convierta sus acciones en \u00e9xito, debe realizar estrategias innovadoras e ir mejor\u00e1ndolas cada d\u00eda. Poner a prueba lo que sabes y hacer cosas diferentes es lo que te ayudar\u00e1 a no estancarte, a diferenciarte y a crecer.<\/p>\n\n\n\n<blockquote class=\"wp-block-quote is-layout-flow wp-block-quote-is-layout-flow\"><p><strong>Y cuando pones en pr\u00e1ctica lo que has estudiado es cuando la educaci\u00f3n te ha mejorado como profesional, como persona, y ayudas a otros a que tambi\u00e9n crezcan.<\/strong><\/p><\/blockquote>\n\n\n\n<p>Esa constante actualizaci\u00f3n de conocimientos para muchos es abrumadora, <strong>una profesi\u00f3n que requiere mucho esfuerzo mental e inversi\u00f3n de tiempo <\/strong>que parece que no siempre se transforma en resultados. Pero te garantizo que s\u00ed. <\/p>\n\n\n\n<p>Lo que para muchos es agotador a mi me resulta apasionante. <strong>Me permite aprender lo que m\u00e1s me gusta<\/strong>, adaptarme a lo que m\u00e1s se demanda, destacar de otros profesionales que ofrecen lo mismo que yo\u2026 <\/p>\n\n\n\n<p>Y, adem\u00e1s, puedo elegir hacerlo cuando quiera. Nadie te obliga a mejorar, solo t\u00fa decides hasta d\u00f3nde quieres llegar y muy pocas profesiones te dan esa oportunidad. <strong>Yo no la voy a dejar pasar, \u00bfy t\u00fa?<\/strong><\/p>\n","protected":false},"excerpt":{"rendered":"<p>Para que un profesional del mundo digital haga que sus acciones sean un \u00e9xito, debe invertir en educaci\u00f3n y poner a la pr\u00e1ctica su formaci\u00f3n<\/p>\n","protected":false},"author":10,"featured_media":1108,"comment_status":"closed","ping_status":"closed","sticky":false,"template":"","format":"standard","meta":{"_acf_changed":false,"footnotes":""},"categories":[7],"tags":[8],"class_list":["post-1107","post","type-post","status-publish","format-standard","has-post-thumbnail","hentry","category-cambio","tag-cambio"],"acf":[],"yoast_head":"<!-- This site is optimized with the Yoast SEO plugin v27.2 - https:\/\/yoast.com\/product\/yoast-seo-wordpress\/ -->\n<title>La educaci\u00f3n es la clave | Post de Laura Crusellas para el blog de Bitevol<\/title>\n<meta name=\"description\" content=\"Para que un profesional del mundo digital haga que sus acciones sean un \u00e9xito, debe invertir en educaci\u00f3n y poner a la pr\u00e1ctica su formaci\u00f3n\" \/>\n<meta name=\"robots\" content=\"index, follow, max-snippet:-1, max-image-preview:large, max-video-preview:-1\" \/>\n<link rel=\"canonical\" href=\"https:\/\/bitevol.es\/next\/la-educacion-es-la-clave\/\" \/>\n<meta property=\"og:locale\" content=\"es_ES\" \/>\n<meta property=\"og:type\" content=\"article\" \/>\n<meta property=\"og:title\" content=\"La educaci\u00f3n es la clave | Post de Laura Crusellas para el blog de Bitevol\" \/>\n<meta property=\"og:description\" content=\"Para que un profesional del mundo digital haga que sus acciones sean un \u00e9xito, debe invertir en educaci\u00f3n y poner a la pr\u00e1ctica su formaci\u00f3n\" \/>\n<meta property=\"og:url\" content=\"https:\/\/bitevol.es\/next\/la-educacion-es-la-clave\/\" \/>\n<meta property=\"og:site_name\" content=\"Blog de Bitevol\" \/>\n<meta property=\"article:published_time\" content=\"2022-12-19T14:46:46+00:00\" \/>\n<meta property=\"og:image\" content=\"https:\/\/bitevol.es\/next\/wp-content\/uploads\/2022\/12\/educacion.jpg\" \/>\n\t<meta property=\"og:image:width\" content=\"356\" \/>\n\t<meta property=\"og:image:height\" content=\"250\" \/>\n\t<meta property=\"og:image:type\" content=\"image\/jpeg\" \/>\n<meta name=\"author\" content=\"Laura Crusellas\" \/>\n<meta name=\"twitter:card\" content=\"summary_large_image\" \/>\n<meta name=\"twitter:label1\" content=\"Escrito por\" \/>\n\t<meta name=\"twitter:data1\" content=\"Laura Crusellas\" \/>\n\t<meta name=\"twitter:label2\" content=\"Tiempo de lectura\" \/>\n\t<meta name=\"twitter:data2\" content=\"4 minutos\" \/>\n<script type=\"application\/ld+json\" class=\"yoast-schema-graph\">{\"@context\":\"https:\/\/schema.org\",\"@graph\":[{\"@type\":\"Article\",\"@id\":\"https:\/\/bitevol.es\/next\/la-educacion-es-la-clave\/#article\",\"isPartOf\":{\"@id\":\"https:\/\/bitevol.es\/next\/la-educacion-es-la-clave\/\"},\"author\":{\"name\":\"Laura Crusellas\",\"@id\":\"https:\/\/bitevol.es\/next\/#\/schema\/person\/9ec26568024c04c2ba2c35b4a2fb2ce7\"},\"headline\":\"La educaci\u00f3n es la clave\",\"datePublished\":\"2022-12-19T14:46:46+00:00\",\"mainEntityOfPage\":{\"@id\":\"https:\/\/bitevol.es\/next\/la-educacion-es-la-clave\/\"},\"wordCount\":720,\"publisher\":{\"@id\":\"https:\/\/bitevol.es\/next\/#organization\"},\"image\":{\"@id\":\"https:\/\/bitevol.es\/next\/la-educacion-es-la-clave\/#primaryimage\"},\"thumbnailUrl\":\"https:\/\/bitevol.es\/next\/wp-content\/uploads\/2022\/12\/educacion.jpg\",\"keywords\":[\"cambio\"],\"articleSection\":[\"Cambio\"],\"inLanguage\":\"es\"},{\"@type\":\"WebPage\",\"@id\":\"https:\/\/bitevol.es\/next\/la-educacion-es-la-clave\/\",\"url\":\"https:\/\/bitevol.es\/next\/la-educacion-es-la-clave\/\",\"name\":\"La educaci\u00f3n es la clave | Post de Laura Crusellas para el blog de Bitevol\",\"isPartOf\":{\"@id\":\"https:\/\/bitevol.es\/next\/#website\"},\"primaryImageOfPage\":{\"@id\":\"https:\/\/bitevol.es\/next\/la-educacion-es-la-clave\/#primaryimage\"},\"image\":{\"@id\":\"https:\/\/bitevol.es\/next\/la-educacion-es-la-clave\/#primaryimage\"},\"thumbnailUrl\":\"https:\/\/bitevol.es\/next\/wp-content\/uploads\/2022\/12\/educacion.jpg\",\"datePublished\":\"2022-12-19T14:46:46+00:00\",\"description\":\"Para que un profesional del mundo digital haga que sus acciones sean un \u00e9xito, debe invertir en educaci\u00f3n y poner a la pr\u00e1ctica su formaci\u00f3n\",\"breadcrumb\":{\"@id\":\"https:\/\/bitevol.es\/next\/la-educacion-es-la-clave\/#breadcrumb\"},\"inLanguage\":\"es\",\"potentialAction\":[{\"@type\":\"ReadAction\",\"target\":[\"https:\/\/bitevol.es\/next\/la-educacion-es-la-clave\/\"]}]},{\"@type\":\"ImageObject\",\"inLanguage\":\"es\",\"@id\":\"https:\/\/bitevol.es\/next\/la-educacion-es-la-clave\/#primaryimage\",\"url\":\"https:\/\/bitevol.es\/next\/wp-content\/uploads\/2022\/12\/educacion.jpg\",\"contentUrl\":\"https:\/\/bitevol.es\/next\/wp-content\/uploads\/2022\/12\/educacion.jpg\",\"width\":356,\"height\":250,\"caption\":\"educacion\"},{\"@type\":\"BreadcrumbList\",\"@id\":\"https:\/\/bitevol.es\/next\/la-educacion-es-la-clave\/#breadcrumb\",\"itemListElement\":[{\"@type\":\"ListItem\",\"position\":1,\"name\":\"Portada\",\"item\":\"https:\/\/bitevol.es\/next\/\"},{\"@type\":\"ListItem\",\"position\":2,\"name\":\"La educaci\u00f3n es la clave\"}]},{\"@type\":\"WebSite\",\"@id\":\"https:\/\/bitevol.es\/next\/#website\",\"url\":\"https:\/\/bitevol.es\/next\/\",\"name\":\"Blog de Bitevol\",\"description\":\"Oxigena tu estrategia digital\",\"publisher\":{\"@id\":\"https:\/\/bitevol.es\/next\/#organization\"},\"potentialAction\":[{\"@type\":\"SearchAction\",\"target\":{\"@type\":\"EntryPoint\",\"urlTemplate\":\"https:\/\/bitevol.es\/next\/?s={search_term_string}\"},\"query-input\":{\"@type\":\"PropertyValueSpecification\",\"valueRequired\":true,\"valueName\":\"search_term_string\"}}],\"inLanguage\":\"es\"},{\"@type\":\"Organization\",\"@id\":\"https:\/\/bitevol.es\/next\/#organization\",\"name\":\"BitEvol\",\"url\":\"https:\/\/bitevol.es\/next\/\",\"logo\":{\"@type\":\"ImageObject\",\"inLanguage\":\"es\",\"@id\":\"https:\/\/bitevol.es\/next\/#\/schema\/logo\/image\/\",\"url\":\"https:\/\/bitevol.es\/next\/wp-content\/uploads\/2018\/06\/bitevol-01.png\",\"contentUrl\":\"https:\/\/bitevol.es\/next\/wp-content\/uploads\/2018\/06\/bitevol-01.png\",\"width\":781,\"height\":324,\"caption\":\"BitEvol\"},\"image\":{\"@id\":\"https:\/\/bitevol.es\/next\/#\/schema\/logo\/image\/\"}},{\"@type\":\"Person\",\"@id\":\"https:\/\/bitevol.es\/next\/#\/schema\/person\/9ec26568024c04c2ba2c35b4a2fb2ce7\",\"name\":\"Laura Crusellas\",\"image\":{\"@type\":\"ImageObject\",\"inLanguage\":\"es\",\"@id\":\"https:\/\/secure.gravatar.com\/avatar\/e2771eb7de60f524efb19caf1f8f4aff4e2eec04623582d33dbfdc044f4b1db3?s=96&d=mm&r=g\",\"url\":\"https:\/\/secure.gravatar.com\/avatar\/e2771eb7de60f524efb19caf1f8f4aff4e2eec04623582d33dbfdc044f4b1db3?s=96&d=mm&r=g\",\"contentUrl\":\"https:\/\/secure.gravatar.com\/avatar\/e2771eb7de60f524efb19caf1f8f4aff4e2eec04623582d33dbfdc044f4b1db3?s=96&d=mm&r=g\",\"caption\":\"Laura Crusellas\"},\"description\":\"Soy periodista y apasionada del Marketing Digital. He trabajado en radio, TV y desde 2013 el entorno 2.0.\",\"url\":\"https:\/\/bitevol.es\/next\/author\/laura-crusellasgmail-com\/\"}]}<\/script>\n<!-- \/ Yoast SEO plugin. -->","yoast_head_json":{"title":"La educaci\u00f3n es la clave | Post de Laura Crusellas para el blog de Bitevol","description":"Para que un profesional del mundo digital haga que sus acciones sean un \u00e9xito, debe invertir en educaci\u00f3n y poner a la pr\u00e1ctica su formaci\u00f3n","robots":{"index":"index","follow":"follow","max-snippet":"max-snippet:-1","max-image-preview":"max-image-preview:large","max-video-preview":"max-video-preview:-1"},"canonical":"https:\/\/bitevol.es\/next\/la-educacion-es-la-clave\/","og_locale":"es_ES","og_type":"article","og_title":"La educaci\u00f3n es la clave | Post de Laura Crusellas para el blog de Bitevol","og_description":"Para que un profesional del mundo digital haga que sus acciones sean un \u00e9xito, debe invertir en educaci\u00f3n y poner a la pr\u00e1ctica su formaci\u00f3n","og_url":"https:\/\/bitevol.es\/next\/la-educacion-es-la-clave\/","og_site_name":"Blog de Bitevol","article_published_time":"2022-12-19T14:46:46+00:00","og_image":[{"width":356,"height":250,"url":"https:\/\/bitevol.es\/next\/wp-content\/uploads\/2022\/12\/educacion.jpg","type":"image\/jpeg"}],"author":"Laura Crusellas","twitter_card":"summary_large_image","twitter_misc":{"Escrito por":"Laura Crusellas","Tiempo de lectura":"4 minutos"},"schema":{"@context":"https:\/\/schema.org","@graph":[{"@type":"Article","@id":"https:\/\/bitevol.es\/next\/la-educacion-es-la-clave\/#article","isPartOf":{"@id":"https:\/\/bitevol.es\/next\/la-educacion-es-la-clave\/"},"author":{"name":"Laura Crusellas","@id":"https:\/\/bitevol.es\/next\/#\/schema\/person\/9ec26568024c04c2ba2c35b4a2fb2ce7"},"headline":"La educaci\u00f3n es la clave","datePublished":"2022-12-19T14:46:46+00:00","mainEntityOfPage":{"@id":"https:\/\/bitevol.es\/next\/la-educacion-es-la-clave\/"},"wordCount":720,"publisher":{"@id":"https:\/\/bitevol.es\/next\/#organization"},"image":{"@id":"https:\/\/bitevol.es\/next\/la-educacion-es-la-clave\/#primaryimage"},"thumbnailUrl":"https:\/\/bitevol.es\/next\/wp-content\/uploads\/2022\/12\/educacion.jpg","keywords":["cambio"],"articleSection":["Cambio"],"inLanguage":"es"},{"@type":"WebPage","@id":"https:\/\/bitevol.es\/next\/la-educacion-es-la-clave\/","url":"https:\/\/bitevol.es\/next\/la-educacion-es-la-clave\/","name":"La educaci\u00f3n es la clave | Post de Laura Crusellas para el blog de Bitevol","isPartOf":{"@id":"https:\/\/bitevol.es\/next\/#website"},"primaryImageOfPage":{"@id":"https:\/\/bitevol.es\/next\/la-educacion-es-la-clave\/#primaryimage"},"image":{"@id":"https:\/\/bitevol.es\/next\/la-educacion-es-la-clave\/#primaryimage"},"thumbnailUrl":"https:\/\/bitevol.es\/next\/wp-content\/uploads\/2022\/12\/educacion.jpg","datePublished":"2022-12-19T14:46:46+00:00","description":"Para que un profesional del mundo digital haga que sus acciones sean un \u00e9xito, debe invertir en educaci\u00f3n y poner a la pr\u00e1ctica su formaci\u00f3n","breadcrumb":{"@id":"https:\/\/bitevol.es\/next\/la-educacion-es-la-clave\/#breadcrumb"},"inLanguage":"es","potentialAction":[{"@type":"ReadAction","target":["https:\/\/bitevol.es\/next\/la-educacion-es-la-clave\/"]}]},{"@type":"ImageObject","inLanguage":"es","@id":"https:\/\/bitevol.es\/next\/la-educacion-es-la-clave\/#primaryimage","url":"https:\/\/bitevol.es\/next\/wp-content\/uploads\/2022\/12\/educacion.jpg","contentUrl":"https:\/\/bitevol.es\/next\/wp-content\/uploads\/2022\/12\/educacion.jpg","width":356,"height":250,"caption":"educacion"},{"@type":"BreadcrumbList","@id":"https:\/\/bitevol.es\/next\/la-educacion-es-la-clave\/#breadcrumb","itemListElement":[{"@type":"ListItem","position":1,"name":"Portada","item":"https:\/\/bitevol.es\/next\/"},{"@type":"ListItem","position":2,"name":"La educaci\u00f3n es la clave"}]},{"@type":"WebSite","@id":"https:\/\/bitevol.es\/next\/#website","url":"https:\/\/bitevol.es\/next\/","name":"Blog de Bitevol","description":"Oxigena tu estrategia digital","publisher":{"@id":"https:\/\/bitevol.es\/next\/#organization"},"potentialAction":[{"@type":"SearchAction","target":{"@type":"EntryPoint","urlTemplate":"https:\/\/bitevol.es\/next\/?s={search_term_string}"},"query-input":{"@type":"PropertyValueSpecification","valueRequired":true,"valueName":"search_term_string"}}],"inLanguage":"es"},{"@type":"Organization","@id":"https:\/\/bitevol.es\/next\/#organization","name":"BitEvol","url":"https:\/\/bitevol.es\/next\/","logo":{"@type":"ImageObject","inLanguage":"es","@id":"https:\/\/bitevol.es\/next\/#\/schema\/logo\/image\/","url":"https:\/\/bitevol.es\/next\/wp-content\/uploads\/2018\/06\/bitevol-01.png","contentUrl":"https:\/\/bitevol.es\/next\/wp-content\/uploads\/2018\/06\/bitevol-01.png","width":781,"height":324,"caption":"BitEvol"},"image":{"@id":"https:\/\/bitevol.es\/next\/#\/schema\/logo\/image\/"}},{"@type":"Person","@id":"https:\/\/bitevol.es\/next\/#\/schema\/person\/9ec26568024c04c2ba2c35b4a2fb2ce7","name":"Laura Crusellas","image":{"@type":"ImageObject","inLanguage":"es","@id":"https:\/\/secure.gravatar.com\/avatar\/e2771eb7de60f524efb19caf1f8f4aff4e2eec04623582d33dbfdc044f4b1db3?s=96&d=mm&r=g","url":"https:\/\/secure.gravatar.com\/avatar\/e2771eb7de60f524efb19caf1f8f4aff4e2eec04623582d33dbfdc044f4b1db3?s=96&d=mm&r=g","contentUrl":"https:\/\/secure.gravatar.com\/avatar\/e2771eb7de60f524efb19caf1f8f4aff4e2eec04623582d33dbfdc044f4b1db3?s=96&d=mm&r=g","caption":"Laura Crusellas"},"description":"Soy periodista y apasionada del Marketing Digital. He trabajado en radio, TV y desde 2013 el entorno 2.0.","url":"https:\/\/bitevol.es\/next\/author\/laura-crusellasgmail-com\/"}]}},"_links":{"self":[{"href":"https:\/\/bitevol.es\/next\/wp-json\/wp\/v2\/posts\/1107","targetHints":{"allow":["GET"]}}],"collection":[{"href":"https:\/\/bitevol.es\/next\/wp-json\/wp\/v2\/posts"}],"about":[{"href":"https:\/\/bitevol.es\/next\/wp-json\/wp\/v2\/types\/post"}],"author":[{"embeddable":true,"href":"https:\/\/bitevol.es\/next\/wp-json\/wp\/v2\/users\/10"}],"replies":[{"embeddable":true,"href":"https:\/\/bitevol.es\/next\/wp-json\/wp\/v2\/comments?post=1107"}],"version-history":[{"count":2,"href":"https:\/\/bitevol.es\/next\/wp-json\/wp\/v2\/posts\/1107\/revisions"}],"predecessor-version":[{"id":1110,"href":"https:\/\/bitevol.es\/next\/wp-json\/wp\/v2\/posts\/1107\/revisions\/1110"}],"wp:featuredmedia":[{"embeddable":true,"href":"https:\/\/bitevol.es\/next\/wp-json\/wp\/v2\/media\/1108"}],"wp:attachment":[{"href":"https:\/\/bitevol.es\/next\/wp-json\/wp\/v2\/media?parent=1107"}],"wp:term":[{"taxonomy":"category","embeddable":true,"href":"https:\/\/bitevol.es\/next\/wp-json\/wp\/v2\/categories?post=1107"},{"taxonomy":"post_tag","embeddable":true,"href":"https:\/\/bitevol.es\/next\/wp-json\/wp\/v2\/tags?post=1107"}],"curies":[{"name":"wp","href":"https:\/\/api.w.org\/{rel}","templated":true}]}}