
{"id":1178,"date":"2024-04-06T09:52:10","date_gmt":"2024-04-06T09:52:10","guid":{"rendered":"https:\/\/bitevol.es\/blog\/?p=1178"},"modified":"2026-02-12T15:23:30","modified_gmt":"2026-02-12T15:23:30","slug":"te-elijo-porque-me-caes-bien","status":"publish","type":"post","link":"https:\/\/bitevol.es\/next\/te-elijo-porque-me-caes-bien\/","title":{"rendered":"Te elijo porque me caes bien"},"content":{"rendered":"\n<h2 class=\"wp-block-heading\">Vender o convencer, esa es la cuesti\u00f3n<\/h2>\n\n\n\n<p>Cuando le preguntas a una persona encargada de un negocio que porqu\u00e9 hace lo que hace,<br>por regla general responde que es para ganar dinero, pagar facturas, vivir, etc. Porque tiene<br>que ganarse la vida de alguna manera y esa manera, le parece bien.<\/p>\n\n\n\n<p><br>Pero si indagas un poco m\u00e1s y le preguntas que porqu\u00e9 eligi\u00f3 ese negocio y no otro, porqu\u00e9<br>ese sector y no otro\u2026 cuando le recuerdas el motivo por el que un d\u00eda se ilusion\u00f3 y levant\u00f3 la<br>persiana por primera vez, la respuesta puede ser maravillosa.<\/p>\n\n\n\n<p><br>Toda marca nace con el objetivo de solucionar un problema a alguna persona, con la misi\u00f3n<br>de cubrir necesidades, de servir, de ser utilizada ayudando a alguien. Cada marca fue pensada<br>para resolver algo y ser \u00fatil.<\/p>\n\n\n\n<blockquote class=\"wp-block-quote is-layout-flow wp-block-quote-is-layout-flow\">\n<p>Aqu\u00ed es donde a m\u00ed me gusta recordar que las personas solo conectamos con aquellas que<br>nos caen bien, sea por el motivo que sea. Que tenemos afinidad con unas m\u00e1s que con<br>otras, que hay valores con los que nos identificamos mejor y es con esa gente con la que<br>establecemos v\u00ednculos.<\/p>\n<\/blockquote>\n\n\n\n<p>Me gusta recordarlo porque con las marcas pasa parecido, por no decir, igual. &#8211;<\/p>\n\n\n\n<p>Como consumidores y usuarios tenemos tantas entre las que elegir y tantos motivos y<br>necesidades para tener que escoger, que, a la hora de decantarnos por una, siempre ser\u00e1<br>aquella que mejor nos cae, con la que m\u00e1s afinidad tenemos y cuyos valores m\u00e1s se alineen<br>con los nuestros. No son mejores ni peores, pero se asemejan a nosotros. Y nos dan (m\u00e1s)<br>confianza.<\/p>\n\n\n\n<p><br>Y es que, de esta fiesta no se libra nadie. No importa si hablamos de una marca b2b o b2c, ni<br>tampoco a qu\u00e9 sector pertenece, porque siempre habr\u00e1 alguien que tiene que elegirla entre<br>m\u00e1s opciones y, para eso, debe tener un buen motivo.<\/p>\n\n\n\n<p><br>Cuando hay variedad entre la que escoger, la elecci\u00f3n depende de diferentes factores y el<br>precio no siempre es determinante. Queremos un buen precio, pero tambi\u00e9n calidad. Y buenas<br>condiciones. Y un servicio postventa agradable. Tambi\u00e9n queremos inter\u00e9s, alg\u00fan detalle por<br>nuestra fidelidad y que nos agradezcan la compra. Nos gusta que nos hagan sentir bien.<br>Atendidos. Cuidados. Importantes. \u00danicos. Queremos personalizaci\u00f3n.<\/p>\n\n\n\n<p>OJO. Que esto no va de que te digan <em>\u201cCon nuestro equipo multidisciplinar altamente<br>cualificado y especializado te ofrecemos un servicio diferente, personalizado, a tu medida\u201d.<\/em><br>Seguro que has le\u00eddo esto cientos de veces. Parece que te dice un mont\u00f3n de cosas y en<br>realidad no te est\u00e1n diciendo absolutamente nada. Aplicable al mensaje de cualquier empresa,<br>sin importar especializaci\u00f3n ni sector.<\/p>\n\n\n\n<p><br>Una marca intentando caer bien, pero sin hacer ning\u00fan tipo de m\u00e9rito, es como ese conocido<br>que se cree amigo por estar en tu red de contactos en Facebook. Ah\u00ed est\u00e1, pero nunca vas a<br>contar con \u00e9l. Para nada.<\/p>\n\n\n\n<p><br>Entonces, \u00bfqu\u00e9?<\/p>\n\n\n\n<p><br>Volvamos al inicio: <strong>Cada marca fue pensada para resolver algo<\/strong> y <strong>ser \u00fatil para alguien<\/strong>.<br>Cada marca tiene una raz\u00f3n de ser, que proyecta una personalidad determinada. Muchas<br>veces, \u00fanica. Porque puede que ofrezca un producto o servicio similar a otras. Pero ninguna<br>marca es la misma que la tuya. Por cientos de razones, aunque est\u00e9n escondidas.<\/p>\n\n\n\n<p><br>Y es que, hace tiempo que ya no se trata solo de vender. Sino de convencer. Por lo que digo:<br>porque lo que una marca vende, posiblemente lo est\u00e1n vendiendo muchas m\u00e1s. Y por eso son<br>tan importantes sus valores, mostrarse tal y c\u00f3mo es, hacer p\u00fablica su personalidad, transmitir<br>lo que le preocupa, lo que le importa, aquello con lo que sensibiliza y, lo m\u00e1s importante y m\u00e1s<br>dif\u00edcil: <strong>saber contarlo<\/strong>.<\/p>\n\n\n\n<p><br>Aaaaaaaah. Porque resulta que, si no lo cuenta, \u00bfQui\u00e9n se entera?<\/p>\n\n\n\n<p><br>Aqu\u00ed quer\u00eda yo llegar. Lo que no se dice, no existe.<\/p>\n\n\n\n<p><br>Toda marca nace con un objetivo y todas las personas conectamos con marcas que nos<br>transmiten cosas que nos hacen sentir bien. <strong>Elegimos a una marca<\/strong> no solo por lo que vende,<br>sino <strong>por aquellos motivos por los que vende lo que vende<\/strong>.<\/p>\n\n\n\n<p><br><strong>Y en la manera que elige para cont\u00e1rnoslo, est\u00e1 <\/strong>la diferencia. <strong>Su diferencia.<\/strong> El motivo por<br>el que la eligen. Y tambi\u00e9n por el que no. No se puede caer bien a todo el mundo. Y eso<br>tambi\u00e9n es importante saberlo.<\/p>\n\n\n\n<p><br>Esto va de caer bien a quien le tienes que caer bien. A reforzar tu comunidad. A que te<br>identifiquen en ella.<\/p>\n\n\n\n<p><br><strong>Y eso solo se consigue a trav\u00e9s de una personalidad clara y una comunicaci\u00f3n directa,<br>humana y, sobre todo, sincera.<\/strong><\/p>\n\n\n\n<p><br>Pero de sinceridad hablaremos en otro cap\u00edtulo \ud83d\ude0a<\/p>\n\n\n\n<p><\/p>\n","protected":false},"excerpt":{"rendered":"<p>Elegimos a una marca no solo por lo que vende, sino por aquellos motivos por los que vende lo que vende.<br \/>\nY en la manera que elige para cont\u00e1rnoslo, est\u00e1 la diferencia. Su diferencia<\/p>\n","protected":false},"author":20,"featured_media":1182,"comment_status":"closed","ping_status":"closed","sticky":false,"template":"","format":"standard","meta":{"_acf_changed":false,"footnotes":""},"categories":[1],"tags":[14,15],"class_list":["post-1178","post","type-post","status-publish","format-standard","has-post-thumbnail","hentry","category-negocio-digital","tag-equipos","tag-negocio-digital"],"acf":[],"yoast_head":"<!-- This site is optimized with the Yoast SEO plugin v27.2 - https:\/\/yoast.com\/product\/yoast-seo-wordpress\/ -->\n<title>Te elijo porque me caes bien - Blog de Bitevol<\/title>\n<meta name=\"description\" content=\"Elegimos a una marca no solo por lo que vende, sino por aquellos motivos por los que vende lo que vende. Y en la manera que elige para cont\u00e1rnoslo, est\u00e1 la diferencia. Su diferencia.\" \/>\n<meta name=\"robots\" content=\"index, follow, max-snippet:-1, max-image-preview:large, max-video-preview:-1\" \/>\n<link rel=\"canonical\" href=\"https:\/\/bitevol.es\/next\/te-elijo-porque-me-caes-bien\/\" \/>\n<meta property=\"og:locale\" content=\"es_ES\" \/>\n<meta property=\"og:type\" content=\"article\" \/>\n<meta property=\"og:title\" content=\"Te elijo porque me caes bien - Blog de Bitevol\" \/>\n<meta property=\"og:description\" content=\"Elegimos a una marca no solo por lo que vende, sino por aquellos motivos por los que vende lo que vende. Y en la manera que elige para cont\u00e1rnoslo, est\u00e1 la diferencia. Su diferencia.\" \/>\n<meta property=\"og:url\" content=\"https:\/\/bitevol.es\/next\/te-elijo-porque-me-caes-bien\/\" \/>\n<meta property=\"og:site_name\" content=\"Blog de Bitevol\" \/>\n<meta property=\"article:published_time\" content=\"2024-04-06T09:52:10+00:00\" \/>\n<meta property=\"article:modified_time\" content=\"2026-02-12T15:23:30+00:00\" \/>\n<meta property=\"og:image\" content=\"https:\/\/bitevol.es\/next\/wp-content\/uploads\/2024\/04\/te-elijo-porque-me-caes-bien.jpg\" \/>\n\t<meta property=\"og:image:width\" content=\"356\" \/>\n\t<meta property=\"og:image:height\" content=\"250\" \/>\n\t<meta property=\"og:image:type\" content=\"image\/jpeg\" \/>\n<meta name=\"author\" content=\"\u00c1ngela Algora\" \/>\n<meta name=\"twitter:card\" content=\"summary_large_image\" \/>\n<meta name=\"twitter:label1\" content=\"Escrito por\" \/>\n\t<meta name=\"twitter:data1\" content=\"\u00c1ngela Algora\" \/>\n\t<meta name=\"twitter:label2\" content=\"Tiempo de lectura\" \/>\n\t<meta name=\"twitter:data2\" content=\"1 minuto\" \/>\n<script type=\"application\/ld+json\" class=\"yoast-schema-graph\">{\"@context\":\"https:\/\/schema.org\",\"@graph\":[{\"@type\":\"Article\",\"@id\":\"https:\/\/bitevol.es\/next\/te-elijo-porque-me-caes-bien\/#article\",\"isPartOf\":{\"@id\":\"https:\/\/bitevol.es\/next\/te-elijo-porque-me-caes-bien\/\"},\"author\":{\"name\":\"\u00c1ngela Algora\",\"@id\":\"https:\/\/bitevol.es\/next\/#\/schema\/person\/7932f22ad8b53d18ec26e51684ec4c53\"},\"headline\":\"Te elijo porque me caes bien\",\"datePublished\":\"2024-04-06T09:52:10+00:00\",\"dateModified\":\"2026-02-12T15:23:30+00:00\",\"mainEntityOfPage\":{\"@id\":\"https:\/\/bitevol.es\/next\/te-elijo-porque-me-caes-bien\/\"},\"wordCount\":781,\"publisher\":{\"@id\":\"https:\/\/bitevol.es\/next\/#organization\"},\"image\":{\"@id\":\"https:\/\/bitevol.es\/next\/te-elijo-porque-me-caes-bien\/#primaryimage\"},\"thumbnailUrl\":\"https:\/\/bitevol.es\/next\/wp-content\/uploads\/2024\/04\/te-elijo-porque-me-caes-bien.jpg\",\"keywords\":[\"equipos\",\"negocio-digital\"],\"articleSection\":[\"Negocio digital\"],\"inLanguage\":\"es\"},{\"@type\":\"WebPage\",\"@id\":\"https:\/\/bitevol.es\/next\/te-elijo-porque-me-caes-bien\/\",\"url\":\"https:\/\/bitevol.es\/next\/te-elijo-porque-me-caes-bien\/\",\"name\":\"Te elijo porque me caes bien - Blog de Bitevol\",\"isPartOf\":{\"@id\":\"https:\/\/bitevol.es\/next\/#website\"},\"primaryImageOfPage\":{\"@id\":\"https:\/\/bitevol.es\/next\/te-elijo-porque-me-caes-bien\/#primaryimage\"},\"image\":{\"@id\":\"https:\/\/bitevol.es\/next\/te-elijo-porque-me-caes-bien\/#primaryimage\"},\"thumbnailUrl\":\"https:\/\/bitevol.es\/next\/wp-content\/uploads\/2024\/04\/te-elijo-porque-me-caes-bien.jpg\",\"datePublished\":\"2024-04-06T09:52:10+00:00\",\"dateModified\":\"2026-02-12T15:23:30+00:00\",\"description\":\"Elegimos a una marca no solo por lo que vende, sino por aquellos motivos por los que vende lo que vende. Y en la manera que elige para cont\u00e1rnoslo, est\u00e1 la diferencia. Su diferencia.\",\"breadcrumb\":{\"@id\":\"https:\/\/bitevol.es\/next\/te-elijo-porque-me-caes-bien\/#breadcrumb\"},\"inLanguage\":\"es\",\"potentialAction\":[{\"@type\":\"ReadAction\",\"target\":[\"https:\/\/bitevol.es\/next\/te-elijo-porque-me-caes-bien\/\"]}]},{\"@type\":\"ImageObject\",\"inLanguage\":\"es\",\"@id\":\"https:\/\/bitevol.es\/next\/te-elijo-porque-me-caes-bien\/#primaryimage\",\"url\":\"https:\/\/bitevol.es\/next\/wp-content\/uploads\/2024\/04\/te-elijo-porque-me-caes-bien.jpg\",\"contentUrl\":\"https:\/\/bitevol.es\/next\/wp-content\/uploads\/2024\/04\/te-elijo-porque-me-caes-bien.jpg\",\"width\":356,\"height\":250},{\"@type\":\"BreadcrumbList\",\"@id\":\"https:\/\/bitevol.es\/next\/te-elijo-porque-me-caes-bien\/#breadcrumb\",\"itemListElement\":[{\"@type\":\"ListItem\",\"position\":1,\"name\":\"Portada\",\"item\":\"https:\/\/bitevol.es\/next\/\"},{\"@type\":\"ListItem\",\"position\":2,\"name\":\"Te elijo porque me caes bien\"}]},{\"@type\":\"WebSite\",\"@id\":\"https:\/\/bitevol.es\/next\/#website\",\"url\":\"https:\/\/bitevol.es\/next\/\",\"name\":\"Blog de Bitevol\",\"description\":\"Oxigena tu estrategia digital\",\"publisher\":{\"@id\":\"https:\/\/bitevol.es\/next\/#organization\"},\"potentialAction\":[{\"@type\":\"SearchAction\",\"target\":{\"@type\":\"EntryPoint\",\"urlTemplate\":\"https:\/\/bitevol.es\/next\/?s={search_term_string}\"},\"query-input\":{\"@type\":\"PropertyValueSpecification\",\"valueRequired\":true,\"valueName\":\"search_term_string\"}}],\"inLanguage\":\"es\"},{\"@type\":\"Organization\",\"@id\":\"https:\/\/bitevol.es\/next\/#organization\",\"name\":\"BitEvol\",\"url\":\"https:\/\/bitevol.es\/next\/\",\"logo\":{\"@type\":\"ImageObject\",\"inLanguage\":\"es\",\"@id\":\"https:\/\/bitevol.es\/next\/#\/schema\/logo\/image\/\",\"url\":\"https:\/\/bitevol.es\/next\/wp-content\/uploads\/2018\/06\/bitevol-01.png\",\"contentUrl\":\"https:\/\/bitevol.es\/next\/wp-content\/uploads\/2018\/06\/bitevol-01.png\",\"width\":781,\"height\":324,\"caption\":\"BitEvol\"},\"image\":{\"@id\":\"https:\/\/bitevol.es\/next\/#\/schema\/logo\/image\/\"}},{\"@type\":\"Person\",\"@id\":\"https:\/\/bitevol.es\/next\/#\/schema\/person\/7932f22ad8b53d18ec26e51684ec4c53\",\"name\":\"\u00c1ngela Algora\",\"image\":{\"@type\":\"ImageObject\",\"inLanguage\":\"es\",\"@id\":\"https:\/\/secure.gravatar.com\/avatar\/e4bfcdb62a82edd3572e790aaa51370ddcb0616b5fc575d990e49a2f8649b157?s=96&d=mm&r=g\",\"url\":\"https:\/\/secure.gravatar.com\/avatar\/e4bfcdb62a82edd3572e790aaa51370ddcb0616b5fc575d990e49a2f8649b157?s=96&d=mm&r=g\",\"contentUrl\":\"https:\/\/secure.gravatar.com\/avatar\/e4bfcdb62a82edd3572e790aaa51370ddcb0616b5fc575d990e49a2f8649b157?s=96&d=mm&r=g\",\"caption\":\"\u00c1ngela Algora\"},\"description\":\"Escribo para poner palabras a lo que nos deja sin ellas. Observo, escucho, estudio, empatizo, analizo, planifico y CREO. Me dedico a crear y contar historias que son verdad, haciendo de una raz\u00f3n aparentemente com\u00fan, un motivo con fuerza para destacar. Publicitaria de profesi\u00f3n y creativa por vocaci\u00f3n. A lo \u00fanico que tengo v\u00e9rtigo, es a no volar.\",\"url\":\"https:\/\/bitevol.es\/next\/author\/angela-algora\/\"}]}<\/script>\n<!-- \/ Yoast SEO plugin. -->","yoast_head_json":{"title":"Te elijo porque me caes bien - Blog de Bitevol","description":"Elegimos a una marca no solo por lo que vende, sino por aquellos motivos por los que vende lo que vende. Y en la manera que elige para cont\u00e1rnoslo, est\u00e1 la diferencia. Su diferencia.","robots":{"index":"index","follow":"follow","max-snippet":"max-snippet:-1","max-image-preview":"max-image-preview:large","max-video-preview":"max-video-preview:-1"},"canonical":"https:\/\/bitevol.es\/next\/te-elijo-porque-me-caes-bien\/","og_locale":"es_ES","og_type":"article","og_title":"Te elijo porque me caes bien - Blog de Bitevol","og_description":"Elegimos a una marca no solo por lo que vende, sino por aquellos motivos por los que vende lo que vende. Y en la manera que elige para cont\u00e1rnoslo, est\u00e1 la diferencia. Su diferencia.","og_url":"https:\/\/bitevol.es\/next\/te-elijo-porque-me-caes-bien\/","og_site_name":"Blog de Bitevol","article_published_time":"2024-04-06T09:52:10+00:00","article_modified_time":"2026-02-12T15:23:30+00:00","og_image":[{"width":356,"height":250,"url":"https:\/\/bitevol.es\/next\/wp-content\/uploads\/2024\/04\/te-elijo-porque-me-caes-bien.jpg","type":"image\/jpeg"}],"author":"\u00c1ngela Algora","twitter_card":"summary_large_image","twitter_misc":{"Escrito por":"\u00c1ngela Algora","Tiempo de lectura":"1 minuto"},"schema":{"@context":"https:\/\/schema.org","@graph":[{"@type":"Article","@id":"https:\/\/bitevol.es\/next\/te-elijo-porque-me-caes-bien\/#article","isPartOf":{"@id":"https:\/\/bitevol.es\/next\/te-elijo-porque-me-caes-bien\/"},"author":{"name":"\u00c1ngela Algora","@id":"https:\/\/bitevol.es\/next\/#\/schema\/person\/7932f22ad8b53d18ec26e51684ec4c53"},"headline":"Te elijo porque me caes bien","datePublished":"2024-04-06T09:52:10+00:00","dateModified":"2026-02-12T15:23:30+00:00","mainEntityOfPage":{"@id":"https:\/\/bitevol.es\/next\/te-elijo-porque-me-caes-bien\/"},"wordCount":781,"publisher":{"@id":"https:\/\/bitevol.es\/next\/#organization"},"image":{"@id":"https:\/\/bitevol.es\/next\/te-elijo-porque-me-caes-bien\/#primaryimage"},"thumbnailUrl":"https:\/\/bitevol.es\/next\/wp-content\/uploads\/2024\/04\/te-elijo-porque-me-caes-bien.jpg","keywords":["equipos","negocio-digital"],"articleSection":["Negocio digital"],"inLanguage":"es"},{"@type":"WebPage","@id":"https:\/\/bitevol.es\/next\/te-elijo-porque-me-caes-bien\/","url":"https:\/\/bitevol.es\/next\/te-elijo-porque-me-caes-bien\/","name":"Te elijo porque me caes bien - Blog de Bitevol","isPartOf":{"@id":"https:\/\/bitevol.es\/next\/#website"},"primaryImageOfPage":{"@id":"https:\/\/bitevol.es\/next\/te-elijo-porque-me-caes-bien\/#primaryimage"},"image":{"@id":"https:\/\/bitevol.es\/next\/te-elijo-porque-me-caes-bien\/#primaryimage"},"thumbnailUrl":"https:\/\/bitevol.es\/next\/wp-content\/uploads\/2024\/04\/te-elijo-porque-me-caes-bien.jpg","datePublished":"2024-04-06T09:52:10+00:00","dateModified":"2026-02-12T15:23:30+00:00","description":"Elegimos a una marca no solo por lo que vende, sino por aquellos motivos por los que vende lo que vende. Y en la manera que elige para cont\u00e1rnoslo, est\u00e1 la diferencia. Su diferencia.","breadcrumb":{"@id":"https:\/\/bitevol.es\/next\/te-elijo-porque-me-caes-bien\/#breadcrumb"},"inLanguage":"es","potentialAction":[{"@type":"ReadAction","target":["https:\/\/bitevol.es\/next\/te-elijo-porque-me-caes-bien\/"]}]},{"@type":"ImageObject","inLanguage":"es","@id":"https:\/\/bitevol.es\/next\/te-elijo-porque-me-caes-bien\/#primaryimage","url":"https:\/\/bitevol.es\/next\/wp-content\/uploads\/2024\/04\/te-elijo-porque-me-caes-bien.jpg","contentUrl":"https:\/\/bitevol.es\/next\/wp-content\/uploads\/2024\/04\/te-elijo-porque-me-caes-bien.jpg","width":356,"height":250},{"@type":"BreadcrumbList","@id":"https:\/\/bitevol.es\/next\/te-elijo-porque-me-caes-bien\/#breadcrumb","itemListElement":[{"@type":"ListItem","position":1,"name":"Portada","item":"https:\/\/bitevol.es\/next\/"},{"@type":"ListItem","position":2,"name":"Te elijo porque me caes bien"}]},{"@type":"WebSite","@id":"https:\/\/bitevol.es\/next\/#website","url":"https:\/\/bitevol.es\/next\/","name":"Blog de Bitevol","description":"Oxigena tu estrategia digital","publisher":{"@id":"https:\/\/bitevol.es\/next\/#organization"},"potentialAction":[{"@type":"SearchAction","target":{"@type":"EntryPoint","urlTemplate":"https:\/\/bitevol.es\/next\/?s={search_term_string}"},"query-input":{"@type":"PropertyValueSpecification","valueRequired":true,"valueName":"search_term_string"}}],"inLanguage":"es"},{"@type":"Organization","@id":"https:\/\/bitevol.es\/next\/#organization","name":"BitEvol","url":"https:\/\/bitevol.es\/next\/","logo":{"@type":"ImageObject","inLanguage":"es","@id":"https:\/\/bitevol.es\/next\/#\/schema\/logo\/image\/","url":"https:\/\/bitevol.es\/next\/wp-content\/uploads\/2018\/06\/bitevol-01.png","contentUrl":"https:\/\/bitevol.es\/next\/wp-content\/uploads\/2018\/06\/bitevol-01.png","width":781,"height":324,"caption":"BitEvol"},"image":{"@id":"https:\/\/bitevol.es\/next\/#\/schema\/logo\/image\/"}},{"@type":"Person","@id":"https:\/\/bitevol.es\/next\/#\/schema\/person\/7932f22ad8b53d18ec26e51684ec4c53","name":"\u00c1ngela Algora","image":{"@type":"ImageObject","inLanguage":"es","@id":"https:\/\/secure.gravatar.com\/avatar\/e4bfcdb62a82edd3572e790aaa51370ddcb0616b5fc575d990e49a2f8649b157?s=96&d=mm&r=g","url":"https:\/\/secure.gravatar.com\/avatar\/e4bfcdb62a82edd3572e790aaa51370ddcb0616b5fc575d990e49a2f8649b157?s=96&d=mm&r=g","contentUrl":"https:\/\/secure.gravatar.com\/avatar\/e4bfcdb62a82edd3572e790aaa51370ddcb0616b5fc575d990e49a2f8649b157?s=96&d=mm&r=g","caption":"\u00c1ngela Algora"},"description":"Escribo para poner palabras a lo que nos deja sin ellas. Observo, escucho, estudio, empatizo, analizo, planifico y CREO. Me dedico a crear y contar historias que son verdad, haciendo de una raz\u00f3n aparentemente com\u00fan, un motivo con fuerza para destacar. Publicitaria de profesi\u00f3n y creativa por vocaci\u00f3n. A lo \u00fanico que tengo v\u00e9rtigo, es a no volar.","url":"https:\/\/bitevol.es\/next\/author\/angela-algora\/"}]}},"_links":{"self":[{"href":"https:\/\/bitevol.es\/next\/wp-json\/wp\/v2\/posts\/1178","targetHints":{"allow":["GET"]}}],"collection":[{"href":"https:\/\/bitevol.es\/next\/wp-json\/wp\/v2\/posts"}],"about":[{"href":"https:\/\/bitevol.es\/next\/wp-json\/wp\/v2\/types\/post"}],"author":[{"embeddable":true,"href":"https:\/\/bitevol.es\/next\/wp-json\/wp\/v2\/users\/20"}],"replies":[{"embeddable":true,"href":"https:\/\/bitevol.es\/next\/wp-json\/wp\/v2\/comments?post=1178"}],"version-history":[{"count":8,"href":"https:\/\/bitevol.es\/next\/wp-json\/wp\/v2\/posts\/1178\/revisions"}],"predecessor-version":[{"id":1366,"href":"https:\/\/bitevol.es\/next\/wp-json\/wp\/v2\/posts\/1178\/revisions\/1366"}],"wp:featuredmedia":[{"embeddable":true,"href":"https:\/\/bitevol.es\/next\/wp-json\/wp\/v2\/media\/1182"}],"wp:attachment":[{"href":"https:\/\/bitevol.es\/next\/wp-json\/wp\/v2\/media?parent=1178"}],"wp:term":[{"taxonomy":"category","embeddable":true,"href":"https:\/\/bitevol.es\/next\/wp-json\/wp\/v2\/categories?post=1178"},{"taxonomy":"post_tag","embeddable":true,"href":"https:\/\/bitevol.es\/next\/wp-json\/wp\/v2\/tags?post=1178"}],"curies":[{"name":"wp","href":"https:\/\/api.w.org\/{rel}","templated":true}]}}