
{"id":180,"date":"2017-08-29T09:57:43","date_gmt":"2017-08-29T09:57:43","guid":{"rendered":"http:\/\/bitevol.es\/blog\/?p=180"},"modified":"2017-10-08T17:03:22","modified_gmt":"2017-10-08T17:03:22","slug":"no-aprendas-vender-ya-sabes","status":"publish","type":"post","link":"https:\/\/bitevol.es\/next\/no-aprendas-vender-ya-sabes\/","title":{"rendered":"No aprendas a vender, \u00a1ya sabes!"},"content":{"rendered":"<p>Habitualmente hemos tratado y tratamos la venta como algo exclusivo de expertos entrenados en diversas t\u00e9cnicas orientadas a un cierto <strong>\u201cadormecimiento\u201d<\/strong> del juicio del cliente. Estos expertos y estas t\u00e9cnicas est\u00e1n adem\u00e1s dotadas de un cierto halo de habilidad <strong>\u201ccasi m\u00e1gica\u201d<\/strong>. En muchos casos y en culturas como la nuestra, adopta adem\u00e1s un cierto \u201colorcillo\u201d a manipulaci\u00f3n, enga\u00f1o y b\u00fasqueda del propio inter\u00e9s, que genera desconfianza hacia la figura del vendedor o del comercial. Figura que hist\u00f3ricamente est\u00e1 un tanto caricaturizada.<\/p>\n<p>Han existido y existen contextos en los que hay algo de cierto en esto. Estos tipos de venta se orientan fundamentalmente a una resoluci\u00f3n del hecho de venta\/compra basada en una serie de muy interesantes interacciones subconscientes propias de nuestra capacidad y plasticidad emocional y que sin duda forman parte del proceso. Gran parte de la l\u00f3gica del marketing estudia y se apoya en estas caracter\u00edsticas de la mente humana. En estos casos y al igual que ocurre con las propias \u201cfuerzas de venta\u201d, los objetivos y los medios pueden resultar <strong>m\u00e1s o menos \u00e9ticos.<\/strong><\/p>\n<p>Este tipo de contextos de venta est\u00e1n siendo transportados en gran medida a medios interactivos digitales y poco a poco la figura del vendedor o del comercial (visitador) est\u00e1 en proceso de extinci\u00f3n.<\/p>\n<p>Esta visi\u00f3n un tanto caricaturizada de la venta y del vendedor, nos ha llevado a enfrentarnos habitualmente con la negaci\u00f3n de la capacidad de vender como recurso propio de las personas. Nada m\u00e1s lejos de la realidad, aunque cabe destacar que el desarrollo de determinadas habilidades y competencias son importantes a la hora de plantear la venta de forma profesional y \u00e9tica.<\/p>\n<p>La venta como capacidad b\u00e1sica, est\u00e1 identificada y tipificada como una<strong> habilidad propia del ser humano<\/strong> con una alta componente <strong>gen\u00e9tica y evolutiva<\/strong>. Las ra\u00edces de la venta se extienden a lo largo de miles de a\u00f1os de evoluci\u00f3n y transmisi\u00f3n gen\u00e9tica y cultural y se arraiga en la necesidad de colaborar como especie. No tiene tanto que ver con VENCER (implica competir), como con CONVENCER (implica confiar para colaborar).<\/p>\n<p>Es una mala orientaci\u00f3n cultural la que, en momentos clave de nuestra vida profesional y de una forma an\u00f3mala, bloquea nuestros recursos <strong>de serie<\/strong> para la venta que, curiosamente, si utilizamos fuera del contexto profesional de una forma mayoritariamente inconsciente y natural (con nuestra familia, amigos, &#8230;)<\/p>\n<p>Pensemos en la venta entendida como un concepto global, b\u00e1sico a la vez que complejo en sus formas y aplicaciones y sobre todo habitual entre nuestra especie. Veremos que no solo no est\u00e1 en proceso de extinci\u00f3n, m\u00e1s bien se hace cada d\u00eda m\u00e1s necesario para el establecimiento de relaciones win\/win estables y de confianza entre nuestro negocio, nuestro proyecto, nuestros servicios y los players del mercado (\u201ccompetencia incluida\u201d). Cada d\u00eda es m\u00e1s necesario activarla en el ADN de nuestros equipos y nuestras empresas.<\/p>\n<p>Hablo de venta continua, de venta de ciclo largo, de venta relacional. Lo que realmente queremos alcanzar (el objetivo de la venta) es una relaci\u00f3n de pertenencia (mi cliente, mi proveedor, mi colaborador, mi socio, mi\u2026). En realidad anhelamos establecer y desarrollar relaciones de confianza en nuestro ecosistema de negocio.<\/p>\n<p>\u00bfC\u00f3mo est\u00e1 de desarrollado el \u00e1mbito comercial relacional en tu negocio? \u00bfest\u00e1s preparado?.<\/p>\n","protected":false},"excerpt":{"rendered":"<p>\u00bfNos hacen falta habilidades comerciales en la era digital?<\/p>\n","protected":false},"author":7,"featured_media":182,"comment_status":"closed","ping_status":"closed","sticky":false,"template":"","format":"standard","meta":{"_acf_changed":false,"footnotes":""},"categories":[11],"tags":[12],"class_list":["post-180","post","type-post","status-publish","format-standard","has-post-thumbnail","hentry","category-venta-relacional","tag-venta-relacional"],"acf":[],"yoast_head":"<!-- This site is optimized with the Yoast SEO plugin v27.2 - https:\/\/yoast.com\/product\/yoast-seo-wordpress\/ -->\n<title>No aprendas a vender, \u00a1ya sabes! - Un post de Nacho Porroche para Bitevol<\/title>\n<meta name=\"description\" content=\"\u00bfHacen falta habilidades comerciales en la era digital?. No se trata de VENCER (implica competir) sino de CONVENCER (implica confiar para colaborar)\" \/>\n<meta name=\"robots\" content=\"index, follow, max-snippet:-1, max-image-preview:large, max-video-preview:-1\" \/>\n<link rel=\"canonical\" href=\"https:\/\/bitevol.es\/next\/no-aprendas-vender-ya-sabes\/\" \/>\n<meta property=\"og:locale\" content=\"es_ES\" \/>\n<meta property=\"og:type\" content=\"article\" \/>\n<meta property=\"og:title\" content=\"No aprendas a vender, \u00a1ya sabes! - Un post de Nacho Porroche para Bitevol\" \/>\n<meta property=\"og:description\" content=\"\u00bfHacen falta habilidades comerciales en la era digital?. No se trata de VENCER (implica competir) sino de CONVENCER (implica confiar para colaborar)\" \/>\n<meta property=\"og:url\" content=\"https:\/\/bitevol.es\/next\/no-aprendas-vender-ya-sabes\/\" \/>\n<meta property=\"og:site_name\" content=\"Blog de Bitevol\" \/>\n<meta property=\"article:author\" content=\"https:\/\/www.facebook.com\/joseignacio.porrochegil\" \/>\n<meta property=\"article:published_time\" content=\"2017-08-29T09:57:43+00:00\" \/>\n<meta property=\"article:modified_time\" content=\"2017-10-08T17:03:22+00:00\" \/>\n<meta property=\"og:image\" content=\"https:\/\/bitevol.es\/next\/wp-content\/uploads\/2017\/08\/venta-relacional-zaragoza.jpg\" \/>\n\t<meta property=\"og:image:width\" content=\"356\" \/>\n\t<meta property=\"og:image:height\" content=\"250\" \/>\n\t<meta property=\"og:image:type\" content=\"image\/jpeg\" \/>\n<meta name=\"author\" content=\"Ignacio Porroche\" \/>\n<meta name=\"twitter:card\" content=\"summary_large_image\" \/>\n<meta name=\"twitter:creator\" content=\"@IgnacioPorroche\" \/>\n<meta name=\"twitter:label1\" content=\"Escrito por\" \/>\n\t<meta name=\"twitter:data1\" content=\"Ignacio Porroche\" \/>\n\t<meta name=\"twitter:label2\" content=\"Tiempo de lectura\" \/>\n\t<meta name=\"twitter:data2\" content=\"3 minutos\" \/>\n<script type=\"application\/ld+json\" class=\"yoast-schema-graph\">{\"@context\":\"https:\/\/schema.org\",\"@graph\":[{\"@type\":\"Article\",\"@id\":\"https:\/\/bitevol.es\/next\/no-aprendas-vender-ya-sabes\/#article\",\"isPartOf\":{\"@id\":\"https:\/\/bitevol.es\/next\/no-aprendas-vender-ya-sabes\/\"},\"author\":{\"name\":\"Ignacio Porroche\",\"@id\":\"https:\/\/bitevol.es\/next\/#\/schema\/person\/f19f255ef41ebd6437acb2efb48b6953\"},\"headline\":\"No aprendas a vender, \u00a1ya sabes!\",\"datePublished\":\"2017-08-29T09:57:43+00:00\",\"dateModified\":\"2017-10-08T17:03:22+00:00\",\"mainEntityOfPage\":{\"@id\":\"https:\/\/bitevol.es\/next\/no-aprendas-vender-ya-sabes\/\"},\"wordCount\":581,\"publisher\":{\"@id\":\"https:\/\/bitevol.es\/next\/#organization\"},\"image\":{\"@id\":\"https:\/\/bitevol.es\/next\/no-aprendas-vender-ya-sabes\/#primaryimage\"},\"thumbnailUrl\":\"https:\/\/bitevol.es\/next\/wp-content\/uploads\/2017\/08\/venta-relacional-zaragoza.jpg\",\"keywords\":[\"venta relacional\"],\"articleSection\":[\"Venta relacional\"],\"inLanguage\":\"es\"},{\"@type\":\"WebPage\",\"@id\":\"https:\/\/bitevol.es\/next\/no-aprendas-vender-ya-sabes\/\",\"url\":\"https:\/\/bitevol.es\/next\/no-aprendas-vender-ya-sabes\/\",\"name\":\"No aprendas a vender, \u00a1ya sabes! - Un post de Nacho Porroche para Bitevol\",\"isPartOf\":{\"@id\":\"https:\/\/bitevol.es\/next\/#website\"},\"primaryImageOfPage\":{\"@id\":\"https:\/\/bitevol.es\/next\/no-aprendas-vender-ya-sabes\/#primaryimage\"},\"image\":{\"@id\":\"https:\/\/bitevol.es\/next\/no-aprendas-vender-ya-sabes\/#primaryimage\"},\"thumbnailUrl\":\"https:\/\/bitevol.es\/next\/wp-content\/uploads\/2017\/08\/venta-relacional-zaragoza.jpg\",\"datePublished\":\"2017-08-29T09:57:43+00:00\",\"dateModified\":\"2017-10-08T17:03:22+00:00\",\"description\":\"\u00bfHacen falta habilidades comerciales en la era digital?. No se trata de VENCER (implica competir) sino de CONVENCER (implica confiar para colaborar)\",\"breadcrumb\":{\"@id\":\"https:\/\/bitevol.es\/next\/no-aprendas-vender-ya-sabes\/#breadcrumb\"},\"inLanguage\":\"es\",\"potentialAction\":[{\"@type\":\"ReadAction\",\"target\":[\"https:\/\/bitevol.es\/next\/no-aprendas-vender-ya-sabes\/\"]}]},{\"@type\":\"ImageObject\",\"inLanguage\":\"es\",\"@id\":\"https:\/\/bitevol.es\/next\/no-aprendas-vender-ya-sabes\/#primaryimage\",\"url\":\"https:\/\/bitevol.es\/next\/wp-content\/uploads\/2017\/08\/venta-relacional-zaragoza.jpg\",\"contentUrl\":\"https:\/\/bitevol.es\/next\/wp-content\/uploads\/2017\/08\/venta-relacional-zaragoza.jpg\",\"width\":356,\"height\":250},{\"@type\":\"BreadcrumbList\",\"@id\":\"https:\/\/bitevol.es\/next\/no-aprendas-vender-ya-sabes\/#breadcrumb\",\"itemListElement\":[{\"@type\":\"ListItem\",\"position\":1,\"name\":\"Portada\",\"item\":\"https:\/\/bitevol.es\/next\/\"},{\"@type\":\"ListItem\",\"position\":2,\"name\":\"No aprendas a vender, \u00a1ya sabes!\"}]},{\"@type\":\"WebSite\",\"@id\":\"https:\/\/bitevol.es\/next\/#website\",\"url\":\"https:\/\/bitevol.es\/next\/\",\"name\":\"Blog de Bitevol\",\"description\":\"Oxigena tu estrategia digital\",\"publisher\":{\"@id\":\"https:\/\/bitevol.es\/next\/#organization\"},\"potentialAction\":[{\"@type\":\"SearchAction\",\"target\":{\"@type\":\"EntryPoint\",\"urlTemplate\":\"https:\/\/bitevol.es\/next\/?s={search_term_string}\"},\"query-input\":{\"@type\":\"PropertyValueSpecification\",\"valueRequired\":true,\"valueName\":\"search_term_string\"}}],\"inLanguage\":\"es\"},{\"@type\":\"Organization\",\"@id\":\"https:\/\/bitevol.es\/next\/#organization\",\"name\":\"BitEvol\",\"url\":\"https:\/\/bitevol.es\/next\/\",\"logo\":{\"@type\":\"ImageObject\",\"inLanguage\":\"es\",\"@id\":\"https:\/\/bitevol.es\/next\/#\/schema\/logo\/image\/\",\"url\":\"https:\/\/bitevol.es\/next\/wp-content\/uploads\/2018\/06\/bitevol-01.png\",\"contentUrl\":\"https:\/\/bitevol.es\/next\/wp-content\/uploads\/2018\/06\/bitevol-01.png\",\"width\":781,\"height\":324,\"caption\":\"BitEvol\"},\"image\":{\"@id\":\"https:\/\/bitevol.es\/next\/#\/schema\/logo\/image\/\"}},{\"@type\":\"Person\",\"@id\":\"https:\/\/bitevol.es\/next\/#\/schema\/person\/f19f255ef41ebd6437acb2efb48b6953\",\"name\":\"Ignacio Porroche\",\"image\":{\"@type\":\"ImageObject\",\"inLanguage\":\"es\",\"@id\":\"https:\/\/secure.gravatar.com\/avatar\/0d39efa292497ccc926db7101de21f2d78f6dd13e13a59447676117d945a18bd?s=96&d=mm&r=g\",\"url\":\"https:\/\/secure.gravatar.com\/avatar\/0d39efa292497ccc926db7101de21f2d78f6dd13e13a59447676117d945a18bd?s=96&d=mm&r=g\",\"contentUrl\":\"https:\/\/secure.gravatar.com\/avatar\/0d39efa292497ccc926db7101de21f2d78f6dd13e13a59447676117d945a18bd?s=96&d=mm&r=g\",\"caption\":\"Ignacio Porroche\"},\"description\":\"Activismo Social Constructivo. Desde Ofici\u00f3nate con la misi\u00f3n de localizar e integrar nuevos modelos de desarrollo de personas y equipos\",\"sameAs\":[\"http:\/\/oficionate.com\/\",\"https:\/\/www.facebook.com\/joseignacio.porrochegil\",\"https:\/\/x.com\/@IgnacioPorroche\"],\"url\":\"https:\/\/bitevol.es\/next\/author\/ignacio-porrocheoficionate-com\/\"}]}<\/script>\n<!-- \/ Yoast SEO plugin. -->","yoast_head_json":{"title":"No aprendas a vender, \u00a1ya sabes! - Un post de Nacho Porroche para Bitevol","description":"\u00bfHacen falta habilidades comerciales en la era digital?. No se trata de VENCER (implica competir) sino de CONVENCER (implica confiar para colaborar)","robots":{"index":"index","follow":"follow","max-snippet":"max-snippet:-1","max-image-preview":"max-image-preview:large","max-video-preview":"max-video-preview:-1"},"canonical":"https:\/\/bitevol.es\/next\/no-aprendas-vender-ya-sabes\/","og_locale":"es_ES","og_type":"article","og_title":"No aprendas a vender, \u00a1ya sabes! - Un post de Nacho Porroche para Bitevol","og_description":"\u00bfHacen falta habilidades comerciales en la era digital?. No se trata de VENCER (implica competir) sino de CONVENCER (implica confiar para colaborar)","og_url":"https:\/\/bitevol.es\/next\/no-aprendas-vender-ya-sabes\/","og_site_name":"Blog de Bitevol","article_author":"https:\/\/www.facebook.com\/joseignacio.porrochegil","article_published_time":"2017-08-29T09:57:43+00:00","article_modified_time":"2017-10-08T17:03:22+00:00","og_image":[{"width":356,"height":250,"url":"https:\/\/bitevol.es\/next\/wp-content\/uploads\/2017\/08\/venta-relacional-zaragoza.jpg","type":"image\/jpeg"}],"author":"Ignacio Porroche","twitter_card":"summary_large_image","twitter_creator":"@IgnacioPorroche","twitter_misc":{"Escrito por":"Ignacio Porroche","Tiempo de lectura":"3 minutos"},"schema":{"@context":"https:\/\/schema.org","@graph":[{"@type":"Article","@id":"https:\/\/bitevol.es\/next\/no-aprendas-vender-ya-sabes\/#article","isPartOf":{"@id":"https:\/\/bitevol.es\/next\/no-aprendas-vender-ya-sabes\/"},"author":{"name":"Ignacio Porroche","@id":"https:\/\/bitevol.es\/next\/#\/schema\/person\/f19f255ef41ebd6437acb2efb48b6953"},"headline":"No aprendas a vender, \u00a1ya sabes!","datePublished":"2017-08-29T09:57:43+00:00","dateModified":"2017-10-08T17:03:22+00:00","mainEntityOfPage":{"@id":"https:\/\/bitevol.es\/next\/no-aprendas-vender-ya-sabes\/"},"wordCount":581,"publisher":{"@id":"https:\/\/bitevol.es\/next\/#organization"},"image":{"@id":"https:\/\/bitevol.es\/next\/no-aprendas-vender-ya-sabes\/#primaryimage"},"thumbnailUrl":"https:\/\/bitevol.es\/next\/wp-content\/uploads\/2017\/08\/venta-relacional-zaragoza.jpg","keywords":["venta relacional"],"articleSection":["Venta relacional"],"inLanguage":"es"},{"@type":"WebPage","@id":"https:\/\/bitevol.es\/next\/no-aprendas-vender-ya-sabes\/","url":"https:\/\/bitevol.es\/next\/no-aprendas-vender-ya-sabes\/","name":"No aprendas a vender, \u00a1ya sabes! - Un post de Nacho Porroche para Bitevol","isPartOf":{"@id":"https:\/\/bitevol.es\/next\/#website"},"primaryImageOfPage":{"@id":"https:\/\/bitevol.es\/next\/no-aprendas-vender-ya-sabes\/#primaryimage"},"image":{"@id":"https:\/\/bitevol.es\/next\/no-aprendas-vender-ya-sabes\/#primaryimage"},"thumbnailUrl":"https:\/\/bitevol.es\/next\/wp-content\/uploads\/2017\/08\/venta-relacional-zaragoza.jpg","datePublished":"2017-08-29T09:57:43+00:00","dateModified":"2017-10-08T17:03:22+00:00","description":"\u00bfHacen falta habilidades comerciales en la era digital?. No se trata de VENCER (implica competir) sino de CONVENCER (implica confiar para colaborar)","breadcrumb":{"@id":"https:\/\/bitevol.es\/next\/no-aprendas-vender-ya-sabes\/#breadcrumb"},"inLanguage":"es","potentialAction":[{"@type":"ReadAction","target":["https:\/\/bitevol.es\/next\/no-aprendas-vender-ya-sabes\/"]}]},{"@type":"ImageObject","inLanguage":"es","@id":"https:\/\/bitevol.es\/next\/no-aprendas-vender-ya-sabes\/#primaryimage","url":"https:\/\/bitevol.es\/next\/wp-content\/uploads\/2017\/08\/venta-relacional-zaragoza.jpg","contentUrl":"https:\/\/bitevol.es\/next\/wp-content\/uploads\/2017\/08\/venta-relacional-zaragoza.jpg","width":356,"height":250},{"@type":"BreadcrumbList","@id":"https:\/\/bitevol.es\/next\/no-aprendas-vender-ya-sabes\/#breadcrumb","itemListElement":[{"@type":"ListItem","position":1,"name":"Portada","item":"https:\/\/bitevol.es\/next\/"},{"@type":"ListItem","position":2,"name":"No aprendas a vender, \u00a1ya sabes!"}]},{"@type":"WebSite","@id":"https:\/\/bitevol.es\/next\/#website","url":"https:\/\/bitevol.es\/next\/","name":"Blog de Bitevol","description":"Oxigena tu estrategia digital","publisher":{"@id":"https:\/\/bitevol.es\/next\/#organization"},"potentialAction":[{"@type":"SearchAction","target":{"@type":"EntryPoint","urlTemplate":"https:\/\/bitevol.es\/next\/?s={search_term_string}"},"query-input":{"@type":"PropertyValueSpecification","valueRequired":true,"valueName":"search_term_string"}}],"inLanguage":"es"},{"@type":"Organization","@id":"https:\/\/bitevol.es\/next\/#organization","name":"BitEvol","url":"https:\/\/bitevol.es\/next\/","logo":{"@type":"ImageObject","inLanguage":"es","@id":"https:\/\/bitevol.es\/next\/#\/schema\/logo\/image\/","url":"https:\/\/bitevol.es\/next\/wp-content\/uploads\/2018\/06\/bitevol-01.png","contentUrl":"https:\/\/bitevol.es\/next\/wp-content\/uploads\/2018\/06\/bitevol-01.png","width":781,"height":324,"caption":"BitEvol"},"image":{"@id":"https:\/\/bitevol.es\/next\/#\/schema\/logo\/image\/"}},{"@type":"Person","@id":"https:\/\/bitevol.es\/next\/#\/schema\/person\/f19f255ef41ebd6437acb2efb48b6953","name":"Ignacio Porroche","image":{"@type":"ImageObject","inLanguage":"es","@id":"https:\/\/secure.gravatar.com\/avatar\/0d39efa292497ccc926db7101de21f2d78f6dd13e13a59447676117d945a18bd?s=96&d=mm&r=g","url":"https:\/\/secure.gravatar.com\/avatar\/0d39efa292497ccc926db7101de21f2d78f6dd13e13a59447676117d945a18bd?s=96&d=mm&r=g","contentUrl":"https:\/\/secure.gravatar.com\/avatar\/0d39efa292497ccc926db7101de21f2d78f6dd13e13a59447676117d945a18bd?s=96&d=mm&r=g","caption":"Ignacio Porroche"},"description":"Activismo Social Constructivo. Desde Ofici\u00f3nate con la misi\u00f3n de localizar e integrar nuevos modelos de desarrollo de personas y equipos","sameAs":["http:\/\/oficionate.com\/","https:\/\/www.facebook.com\/joseignacio.porrochegil","https:\/\/x.com\/@IgnacioPorroche"],"url":"https:\/\/bitevol.es\/next\/author\/ignacio-porrocheoficionate-com\/"}]}},"_links":{"self":[{"href":"https:\/\/bitevol.es\/next\/wp-json\/wp\/v2\/posts\/180","targetHints":{"allow":["GET"]}}],"collection":[{"href":"https:\/\/bitevol.es\/next\/wp-json\/wp\/v2\/posts"}],"about":[{"href":"https:\/\/bitevol.es\/next\/wp-json\/wp\/v2\/types\/post"}],"author":[{"embeddable":true,"href":"https:\/\/bitevol.es\/next\/wp-json\/wp\/v2\/users\/7"}],"replies":[{"embeddable":true,"href":"https:\/\/bitevol.es\/next\/wp-json\/wp\/v2\/comments?post=180"}],"version-history":[{"count":6,"href":"https:\/\/bitevol.es\/next\/wp-json\/wp\/v2\/posts\/180\/revisions"}],"predecessor-version":[{"id":188,"href":"https:\/\/bitevol.es\/next\/wp-json\/wp\/v2\/posts\/180\/revisions\/188"}],"wp:featuredmedia":[{"embeddable":true,"href":"https:\/\/bitevol.es\/next\/wp-json\/wp\/v2\/media\/182"}],"wp:attachment":[{"href":"https:\/\/bitevol.es\/next\/wp-json\/wp\/v2\/media?parent=180"}],"wp:term":[{"taxonomy":"category","embeddable":true,"href":"https:\/\/bitevol.es\/next\/wp-json\/wp\/v2\/categories?post=180"},{"taxonomy":"post_tag","embeddable":true,"href":"https:\/\/bitevol.es\/next\/wp-json\/wp\/v2\/tags?post=180"}],"curies":[{"name":"wp","href":"https:\/\/api.w.org\/{rel}","templated":true}]}}