
{"id":227,"date":"2017-10-07T08:32:19","date_gmt":"2017-10-07T08:32:19","guid":{"rendered":"http:\/\/bitevol.es\/blog\/?p=227"},"modified":"2021-06-15T06:56:09","modified_gmt":"2021-06-15T06:56:09","slug":"los-percebes-y-el-miedo","status":"publish","type":"post","link":"https:\/\/bitevol.es\/next\/los-percebes-y-el-miedo\/","title":{"rendered":"Los percebes y el miedo"},"content":{"rendered":"<p>Una de mis grandes pasiones es viajar. Me encanta el trato con la gente, conocer otras culturas y sobre todo disfrutar de la gastronom\u00eda.<\/p>\n<p>Siempre que viajo, me gusta probar la comida t\u00edpica, aunque a veces te encuentras sorpresas agradables y otras veces no tanto. M\u00e1s de una vez he pensado \u201cMadre m\u00eda, cuanta hambre tendr\u00eda el primero que probo esto\u201d.<\/p>\n<p>Me imagino que cuando vienen a nuestro pa\u00eds, dir\u00e1n lo mismo.<\/p>\n<p>Imag\u00ednate, llegas a un restaurante y te sacan una fuente tapada con un trapo y debajo unas cosas oscuras con forma sospechosa, con un olor bastante fuerte y que te dicen que es lo m\u00e1s caro de la carta. Para terminar, te dan las instrucciones de como comerlas y se te quedan mirando esperando tu cara de aprobaci\u00f3n. \u201c\u00a1Habr\u00e1 que com\u00e9rselos!\u201d piensas, mientras un sudor frio te recorre la espalda. Al final resulta que est\u00e1n hasta buenos y todo.<\/p>\n<p>Espero que la Asociaci\u00f3n de amigos de los percebes, no se enfaden conmigo por la descripci\u00f3n.<\/p>\n<p>\u00a1Qu\u00e9 hambre ten\u00eda el primero que comi\u00f3 percebes! Hace falta mucho valor para cogerlos y m\u00e1s para comerlos por primera vez, y \u00bfpor qu\u00e9 los comer\u00eda?<\/p>\n<p>Me imagino que el miedo a morir de hambre es m\u00e1s fuerte que el miedo a morir envenenado por algo desconocido y much\u00edsimo m\u00e1s fuerte que el posible mal sabor del bicho en cuesti\u00f3n.<\/p>\n<p><strong>Vencemos el miedo cuando tenemos un \u201chorizonte\u201d mayor\/mejor que el actual<\/strong>, entonces somos capaces de arriesgarnos a dar ese paso que nos lleva a algo nuevo.<\/p>\n<p>Otra opci\u00f3n que se me ocurre para dar el paso de probar los percebes, es que alguien, que ya los conoc\u00eda y en el cual se confiaba, los diera a probar.<\/p>\n<p>Esto es lo que ha pasado a lo largo de nuestra vida en nuestro aprendizaje. Alguien en quien confi\u00e1bamos: padres, familiares, profesores, amigos\u2026 nos han ido ense\u00f1ando a vencer nuestros miedos.<\/p>\n<p>Pero llega un momento en nuestras vidas en el que <strong>creemos que los miedos (los cambios) los podemos gestionar solitos<\/strong> y f\u00edjate que no te digo que no, pero aqu\u00ed es donde un \u201cAconsejador Profesional\u201d puede ser de gran ayuda, no solo por la rapidez y seguridad, sino porque su preparaci\u00f3n profesional est\u00e1 enfocada para poder proporcionarte herramientas que te ayuden a superar ese miedo (ese cambio) y acompa\u00f1arte en el camino.<\/p>\n<p>Ese alguien que nos puede aconsejar, ayudar, guiar, tiene muy diferentes nombres dependiendo de tus necesidades y de su \u00e1mbito de actuaci\u00f3n, psic\u00f3logo, coach, mentor, consultor, \u2026<\/p>\n<p>El fondo del mar est\u00e1 lleno de valientes que, ante una posible tormenta, se la jugaron y decidieron llamar al amigo que tiene una zodiac en vez de contratar a un capit\u00e1n experto para asegurar la traves\u00eda, aunque a veces, por muy bueno que sea el capit\u00e1n, durante la traves\u00eda tambi\u00e9n se pasa miedo.<\/p>\n<p>Dejar de tener miedo a buscar a alguien que os ayude a gestionar vuestros miedos.<\/p>\n<p>Siguiendo con los s\u00edmiles gastron\u00f3micos. Si vais al campo a coger setas, antes de comerlas \u00bfa qui\u00e9n le pregunt\u00e1is?<\/p>\n<blockquote><p>Las decisiones que os puedan costar cosas que os importan, tomarlas con un buen \u201cAconsejador Profesional\u201d.<\/p><\/blockquote>\n","protected":false},"excerpt":{"rendered":"<p>Acompa\u00f1amiento en la toma de decisiones durante los procesos de cambio<\/p>\n","protected":false},"author":19,"featured_media":232,"comment_status":"closed","ping_status":"closed","sticky":false,"template":"","format":"standard","meta":{"_acf_changed":false,"footnotes":""},"categories":[7],"tags":[8],"class_list":["post-227","post","type-post","status-publish","format-standard","has-post-thumbnail","hentry","category-cambio","tag-cambio"],"acf":[],"yoast_head":"<!-- This site is optimized with the Yoast SEO plugin v27.2 - https:\/\/yoast.com\/product\/yoast-seo-wordpress\/ -->\n<title>Los percebes y el miedo - Un post de Alejandro Hijar para Bitevol<\/title>\n<meta name=\"description\" content=\"Acompa\u00f1amiento en la toma de decisiones durante los procesos de cambio\" \/>\n<meta name=\"robots\" content=\"index, follow, max-snippet:-1, max-image-preview:large, max-video-preview:-1\" \/>\n<link rel=\"canonical\" href=\"https:\/\/bitevol.es\/next\/los-percebes-y-el-miedo\/\" \/>\n<meta property=\"og:locale\" content=\"es_ES\" \/>\n<meta property=\"og:type\" content=\"article\" \/>\n<meta property=\"og:title\" content=\"Los percebes y el miedo - Un post de Alejandro Hijar para Bitevol\" \/>\n<meta property=\"og:description\" content=\"Acompa\u00f1amiento en la toma de decisiones durante los procesos de cambio\" \/>\n<meta property=\"og:url\" content=\"https:\/\/bitevol.es\/next\/los-percebes-y-el-miedo\/\" \/>\n<meta property=\"og:site_name\" content=\"Blog de Bitevol\" \/>\n<meta property=\"article:published_time\" content=\"2017-10-07T08:32:19+00:00\" \/>\n<meta property=\"article:modified_time\" content=\"2021-06-15T06:56:09+00:00\" \/>\n<meta property=\"og:image\" content=\"https:\/\/bitevol.es\/next\/wp-content\/uploads\/2017\/10\/percebes-y-miedo.jpg\" \/>\n\t<meta property=\"og:image:width\" content=\"356\" \/>\n\t<meta property=\"og:image:height\" content=\"250\" \/>\n\t<meta property=\"og:image:type\" content=\"image\/jpeg\" \/>\n<meta name=\"author\" content=\"Alejandro H\u00edjar\" \/>\n<meta name=\"twitter:card\" content=\"summary_large_image\" \/>\n<meta name=\"twitter:label1\" content=\"Escrito por\" \/>\n\t<meta name=\"twitter:data1\" content=\"Alejandro H\u00edjar\" \/>\n\t<meta name=\"twitter:label2\" content=\"Tiempo de lectura\" \/>\n\t<meta name=\"twitter:data2\" content=\"3 minutos\" \/>\n<script type=\"application\/ld+json\" class=\"yoast-schema-graph\">{\"@context\":\"https:\/\/schema.org\",\"@graph\":[{\"@type\":\"Article\",\"@id\":\"https:\/\/bitevol.es\/next\/los-percebes-y-el-miedo\/#article\",\"isPartOf\":{\"@id\":\"https:\/\/bitevol.es\/next\/los-percebes-y-el-miedo\/\"},\"author\":{\"name\":\"Alejandro H\u00edjar\",\"@id\":\"https:\/\/bitevol.es\/next\/#\/schema\/person\/c4b317fb99ca121226a38bc5166cd91f\"},\"headline\":\"Los percebes y el miedo\",\"datePublished\":\"2017-10-07T08:32:19+00:00\",\"dateModified\":\"2021-06-15T06:56:09+00:00\",\"mainEntityOfPage\":{\"@id\":\"https:\/\/bitevol.es\/next\/los-percebes-y-el-miedo\/\"},\"wordCount\":562,\"publisher\":{\"@id\":\"https:\/\/bitevol.es\/next\/#organization\"},\"image\":{\"@id\":\"https:\/\/bitevol.es\/next\/los-percebes-y-el-miedo\/#primaryimage\"},\"thumbnailUrl\":\"https:\/\/bitevol.es\/next\/wp-content\/uploads\/2017\/10\/percebes-y-miedo.jpg\",\"keywords\":[\"cambio\"],\"articleSection\":[\"Cambio\"],\"inLanguage\":\"es\"},{\"@type\":\"WebPage\",\"@id\":\"https:\/\/bitevol.es\/next\/los-percebes-y-el-miedo\/\",\"url\":\"https:\/\/bitevol.es\/next\/los-percebes-y-el-miedo\/\",\"name\":\"Los percebes y el miedo - Un post de Alejandro Hijar para Bitevol\",\"isPartOf\":{\"@id\":\"https:\/\/bitevol.es\/next\/#website\"},\"primaryImageOfPage\":{\"@id\":\"https:\/\/bitevol.es\/next\/los-percebes-y-el-miedo\/#primaryimage\"},\"image\":{\"@id\":\"https:\/\/bitevol.es\/next\/los-percebes-y-el-miedo\/#primaryimage\"},\"thumbnailUrl\":\"https:\/\/bitevol.es\/next\/wp-content\/uploads\/2017\/10\/percebes-y-miedo.jpg\",\"datePublished\":\"2017-10-07T08:32:19+00:00\",\"dateModified\":\"2021-06-15T06:56:09+00:00\",\"description\":\"Acompa\u00f1amiento en la toma de decisiones durante los procesos de cambio\",\"breadcrumb\":{\"@id\":\"https:\/\/bitevol.es\/next\/los-percebes-y-el-miedo\/#breadcrumb\"},\"inLanguage\":\"es\",\"potentialAction\":[{\"@type\":\"ReadAction\",\"target\":[\"https:\/\/bitevol.es\/next\/los-percebes-y-el-miedo\/\"]}]},{\"@type\":\"ImageObject\",\"inLanguage\":\"es\",\"@id\":\"https:\/\/bitevol.es\/next\/los-percebes-y-el-miedo\/#primaryimage\",\"url\":\"https:\/\/bitevol.es\/next\/wp-content\/uploads\/2017\/10\/percebes-y-miedo.jpg\",\"contentUrl\":\"https:\/\/bitevol.es\/next\/wp-content\/uploads\/2017\/10\/percebes-y-miedo.jpg\",\"width\":356,\"height\":250},{\"@type\":\"BreadcrumbList\",\"@id\":\"https:\/\/bitevol.es\/next\/los-percebes-y-el-miedo\/#breadcrumb\",\"itemListElement\":[{\"@type\":\"ListItem\",\"position\":1,\"name\":\"Portada\",\"item\":\"https:\/\/bitevol.es\/next\/\"},{\"@type\":\"ListItem\",\"position\":2,\"name\":\"Los percebes y el miedo\"}]},{\"@type\":\"WebSite\",\"@id\":\"https:\/\/bitevol.es\/next\/#website\",\"url\":\"https:\/\/bitevol.es\/next\/\",\"name\":\"Blog de Bitevol\",\"description\":\"Oxigena tu estrategia digital\",\"publisher\":{\"@id\":\"https:\/\/bitevol.es\/next\/#organization\"},\"potentialAction\":[{\"@type\":\"SearchAction\",\"target\":{\"@type\":\"EntryPoint\",\"urlTemplate\":\"https:\/\/bitevol.es\/next\/?s={search_term_string}\"},\"query-input\":{\"@type\":\"PropertyValueSpecification\",\"valueRequired\":true,\"valueName\":\"search_term_string\"}}],\"inLanguage\":\"es\"},{\"@type\":\"Organization\",\"@id\":\"https:\/\/bitevol.es\/next\/#organization\",\"name\":\"BitEvol\",\"url\":\"https:\/\/bitevol.es\/next\/\",\"logo\":{\"@type\":\"ImageObject\",\"inLanguage\":\"es\",\"@id\":\"https:\/\/bitevol.es\/next\/#\/schema\/logo\/image\/\",\"url\":\"https:\/\/bitevol.es\/next\/wp-content\/uploads\/2018\/06\/bitevol-01.png\",\"contentUrl\":\"https:\/\/bitevol.es\/next\/wp-content\/uploads\/2018\/06\/bitevol-01.png\",\"width\":781,\"height\":324,\"caption\":\"BitEvol\"},\"image\":{\"@id\":\"https:\/\/bitevol.es\/next\/#\/schema\/logo\/image\/\"}},{\"@type\":\"Person\",\"@id\":\"https:\/\/bitevol.es\/next\/#\/schema\/person\/c4b317fb99ca121226a38bc5166cd91f\",\"name\":\"Alejandro H\u00edjar\",\"image\":{\"@type\":\"ImageObject\",\"inLanguage\":\"es\",\"@id\":\"https:\/\/secure.gravatar.com\/avatar\/4ee7e8c9ec954a1f4ccca8283e68eca4aac3a7ad90db776f2eac3ea94f9b61e2?s=96&d=mm&r=g\",\"url\":\"https:\/\/secure.gravatar.com\/avatar\/4ee7e8c9ec954a1f4ccca8283e68eca4aac3a7ad90db776f2eac3ea94f9b61e2?s=96&d=mm&r=g\",\"contentUrl\":\"https:\/\/secure.gravatar.com\/avatar\/4ee7e8c9ec954a1f4ccca8283e68eca4aac3a7ad90db776f2eac3ea94f9b61e2?s=96&d=mm&r=g\",\"caption\":\"Alejandro H\u00edjar\"},\"sameAs\":[\"http:\/\/www.alejandrohijar.com\"],\"url\":\"https:\/\/bitevol.es\/next\/author\/alejandro_hijar\/\"}]}<\/script>\n<!-- \/ Yoast SEO plugin. -->","yoast_head_json":{"title":"Los percebes y el miedo - Un post de Alejandro Hijar para Bitevol","description":"Acompa\u00f1amiento en la toma de decisiones durante los procesos de cambio","robots":{"index":"index","follow":"follow","max-snippet":"max-snippet:-1","max-image-preview":"max-image-preview:large","max-video-preview":"max-video-preview:-1"},"canonical":"https:\/\/bitevol.es\/next\/los-percebes-y-el-miedo\/","og_locale":"es_ES","og_type":"article","og_title":"Los percebes y el miedo - Un post de Alejandro Hijar para Bitevol","og_description":"Acompa\u00f1amiento en la toma de decisiones durante los procesos de cambio","og_url":"https:\/\/bitevol.es\/next\/los-percebes-y-el-miedo\/","og_site_name":"Blog de Bitevol","article_published_time":"2017-10-07T08:32:19+00:00","article_modified_time":"2021-06-15T06:56:09+00:00","og_image":[{"width":356,"height":250,"url":"https:\/\/bitevol.es\/next\/wp-content\/uploads\/2017\/10\/percebes-y-miedo.jpg","type":"image\/jpeg"}],"author":"Alejandro H\u00edjar","twitter_card":"summary_large_image","twitter_misc":{"Escrito por":"Alejandro H\u00edjar","Tiempo de lectura":"3 minutos"},"schema":{"@context":"https:\/\/schema.org","@graph":[{"@type":"Article","@id":"https:\/\/bitevol.es\/next\/los-percebes-y-el-miedo\/#article","isPartOf":{"@id":"https:\/\/bitevol.es\/next\/los-percebes-y-el-miedo\/"},"author":{"name":"Alejandro H\u00edjar","@id":"https:\/\/bitevol.es\/next\/#\/schema\/person\/c4b317fb99ca121226a38bc5166cd91f"},"headline":"Los percebes y el miedo","datePublished":"2017-10-07T08:32:19+00:00","dateModified":"2021-06-15T06:56:09+00:00","mainEntityOfPage":{"@id":"https:\/\/bitevol.es\/next\/los-percebes-y-el-miedo\/"},"wordCount":562,"publisher":{"@id":"https:\/\/bitevol.es\/next\/#organization"},"image":{"@id":"https:\/\/bitevol.es\/next\/los-percebes-y-el-miedo\/#primaryimage"},"thumbnailUrl":"https:\/\/bitevol.es\/next\/wp-content\/uploads\/2017\/10\/percebes-y-miedo.jpg","keywords":["cambio"],"articleSection":["Cambio"],"inLanguage":"es"},{"@type":"WebPage","@id":"https:\/\/bitevol.es\/next\/los-percebes-y-el-miedo\/","url":"https:\/\/bitevol.es\/next\/los-percebes-y-el-miedo\/","name":"Los percebes y el miedo - Un post de Alejandro Hijar para Bitevol","isPartOf":{"@id":"https:\/\/bitevol.es\/next\/#website"},"primaryImageOfPage":{"@id":"https:\/\/bitevol.es\/next\/los-percebes-y-el-miedo\/#primaryimage"},"image":{"@id":"https:\/\/bitevol.es\/next\/los-percebes-y-el-miedo\/#primaryimage"},"thumbnailUrl":"https:\/\/bitevol.es\/next\/wp-content\/uploads\/2017\/10\/percebes-y-miedo.jpg","datePublished":"2017-10-07T08:32:19+00:00","dateModified":"2021-06-15T06:56:09+00:00","description":"Acompa\u00f1amiento en la toma de decisiones durante los procesos de cambio","breadcrumb":{"@id":"https:\/\/bitevol.es\/next\/los-percebes-y-el-miedo\/#breadcrumb"},"inLanguage":"es","potentialAction":[{"@type":"ReadAction","target":["https:\/\/bitevol.es\/next\/los-percebes-y-el-miedo\/"]}]},{"@type":"ImageObject","inLanguage":"es","@id":"https:\/\/bitevol.es\/next\/los-percebes-y-el-miedo\/#primaryimage","url":"https:\/\/bitevol.es\/next\/wp-content\/uploads\/2017\/10\/percebes-y-miedo.jpg","contentUrl":"https:\/\/bitevol.es\/next\/wp-content\/uploads\/2017\/10\/percebes-y-miedo.jpg","width":356,"height":250},{"@type":"BreadcrumbList","@id":"https:\/\/bitevol.es\/next\/los-percebes-y-el-miedo\/#breadcrumb","itemListElement":[{"@type":"ListItem","position":1,"name":"Portada","item":"https:\/\/bitevol.es\/next\/"},{"@type":"ListItem","position":2,"name":"Los percebes y el miedo"}]},{"@type":"WebSite","@id":"https:\/\/bitevol.es\/next\/#website","url":"https:\/\/bitevol.es\/next\/","name":"Blog de Bitevol","description":"Oxigena tu estrategia digital","publisher":{"@id":"https:\/\/bitevol.es\/next\/#organization"},"potentialAction":[{"@type":"SearchAction","target":{"@type":"EntryPoint","urlTemplate":"https:\/\/bitevol.es\/next\/?s={search_term_string}"},"query-input":{"@type":"PropertyValueSpecification","valueRequired":true,"valueName":"search_term_string"}}],"inLanguage":"es"},{"@type":"Organization","@id":"https:\/\/bitevol.es\/next\/#organization","name":"BitEvol","url":"https:\/\/bitevol.es\/next\/","logo":{"@type":"ImageObject","inLanguage":"es","@id":"https:\/\/bitevol.es\/next\/#\/schema\/logo\/image\/","url":"https:\/\/bitevol.es\/next\/wp-content\/uploads\/2018\/06\/bitevol-01.png","contentUrl":"https:\/\/bitevol.es\/next\/wp-content\/uploads\/2018\/06\/bitevol-01.png","width":781,"height":324,"caption":"BitEvol"},"image":{"@id":"https:\/\/bitevol.es\/next\/#\/schema\/logo\/image\/"}},{"@type":"Person","@id":"https:\/\/bitevol.es\/next\/#\/schema\/person\/c4b317fb99ca121226a38bc5166cd91f","name":"Alejandro H\u00edjar","image":{"@type":"ImageObject","inLanguage":"es","@id":"https:\/\/secure.gravatar.com\/avatar\/4ee7e8c9ec954a1f4ccca8283e68eca4aac3a7ad90db776f2eac3ea94f9b61e2?s=96&d=mm&r=g","url":"https:\/\/secure.gravatar.com\/avatar\/4ee7e8c9ec954a1f4ccca8283e68eca4aac3a7ad90db776f2eac3ea94f9b61e2?s=96&d=mm&r=g","contentUrl":"https:\/\/secure.gravatar.com\/avatar\/4ee7e8c9ec954a1f4ccca8283e68eca4aac3a7ad90db776f2eac3ea94f9b61e2?s=96&d=mm&r=g","caption":"Alejandro H\u00edjar"},"sameAs":["http:\/\/www.alejandrohijar.com"],"url":"https:\/\/bitevol.es\/next\/author\/alejandro_hijar\/"}]}},"_links":{"self":[{"href":"https:\/\/bitevol.es\/next\/wp-json\/wp\/v2\/posts\/227","targetHints":{"allow":["GET"]}}],"collection":[{"href":"https:\/\/bitevol.es\/next\/wp-json\/wp\/v2\/posts"}],"about":[{"href":"https:\/\/bitevol.es\/next\/wp-json\/wp\/v2\/types\/post"}],"author":[{"embeddable":true,"href":"https:\/\/bitevol.es\/next\/wp-json\/wp\/v2\/users\/19"}],"replies":[{"embeddable":true,"href":"https:\/\/bitevol.es\/next\/wp-json\/wp\/v2\/comments?post=227"}],"version-history":[{"count":5,"href":"https:\/\/bitevol.es\/next\/wp-json\/wp\/v2\/posts\/227\/revisions"}],"predecessor-version":[{"id":233,"href":"https:\/\/bitevol.es\/next\/wp-json\/wp\/v2\/posts\/227\/revisions\/233"}],"wp:featuredmedia":[{"embeddable":true,"href":"https:\/\/bitevol.es\/next\/wp-json\/wp\/v2\/media\/232"}],"wp:attachment":[{"href":"https:\/\/bitevol.es\/next\/wp-json\/wp\/v2\/media?parent=227"}],"wp:term":[{"taxonomy":"category","embeddable":true,"href":"https:\/\/bitevol.es\/next\/wp-json\/wp\/v2\/categories?post=227"},{"taxonomy":"post_tag","embeddable":true,"href":"https:\/\/bitevol.es\/next\/wp-json\/wp\/v2\/tags?post=227"}],"curies":[{"name":"wp","href":"https:\/\/api.w.org\/{rel}","templated":true}]}}