
{"id":271,"date":"2018-01-11T07:14:50","date_gmt":"2018-01-11T07:14:50","guid":{"rendered":"http:\/\/bitevol.es\/blog\/?p=271"},"modified":"2018-01-11T20:17:05","modified_gmt":"2018-01-11T20:17:05","slug":"la-venta-relacional-en-el-equipo","status":"publish","type":"post","link":"https:\/\/bitevol.es\/next\/la-venta-relacional-en-el-equipo\/","title":{"rendered":"La venta relacional en el equipo"},"content":{"rendered":"<p>Sigamos situados en la visi\u00f3n hol\u00edstica de la venta como recurso relacional de nuestra especie y desarrollado para el intercambio de valor entre individuos o grupos de ellos y, para tejer complejas redes de colaboraci\u00f3n en constante transformaci\u00f3n (leer \u201c<a href=\"https:\/\/bitevol.es\/next\/no-aprendas-vender-ya-sabes\/\">no aprendas a vender ya sabes<\/a>\u201d).<\/p>\n<p>El recurso para la venta relacional, es mi forma de denominar una idea de \u201ccaja de herramientas\u201d compuesta de, capacidades, conocimientos, habilidades, caracter\u00edsticas, fortalezas, valores,\u2026 que dan forma a nuestra diversidad. Todas ellas son combinables y en mayor o menor medida desarrollables o sustituibles. Pondr\u00e9 un ejemplo. Tengamos en cuenta que las capacidades y talentos son m\u00e1s dif\u00edciles de desarrollar. As\u00ed, un ciego no tiene la capacidad de ver a trav\u00e9s de sus ojos, aun as\u00ed y a trav\u00e9s de otras partes de su caja de herramientas puede leer y es capaz de imaginar el mundo y sus detalles.<\/p>\n<p>Nuestro recurso para la venta relacional no es otro que nuestra capacidad de generar e incorporar valor a las relaciones en base a nuestras herramientas. Ese valor tiene que ver con lo que ofrecemos y adem\u00e1s con lo que la otra persona o grupo de personas espera obtener y percibe.<\/p>\n<p>No cabe duda que la empat\u00eda, la extroversi\u00f3n, la simpat\u00eda, el carisma, \u2026 Son caracter\u00edsticas que facilitan la relaci\u00f3n y aportan valor, sobre todo facilitan la visibilidad de otros valores que aporta la persona o el equipo y que si son objeto del intercambio establecido en una relaci\u00f3n (cliente).<\/p>\n<p>Todos tenemos en nuestra caja de herramientas nuestras propias ofertas de valor que nos aportan credibilidad y confiabilidad ante el resto de personas y en los distintos contextos en los que nos movemos. Es nuestra responsabilidad reconocerlas, desarrollarlas y ponerlas a disposici\u00f3n de nuestros compa\u00f1eros, equipos, clientes, amigos, familia, \u2026 para su intercambio consciente win\/win.<\/p>\n<p>Todos estamos preparados para reconocer los valores de las cajas de herramientas de los dem\u00e1s y combinarlas con las nuestras en una relaci\u00f3n de equipo. Lo \u00fanico que necesitamos en una visi\u00f3n global y compartida.<\/p>\n<p>En relaciones de continuidad con clientes, necesitas incorporar la totalidad del valor de tu equipo y hacerla perceptiva en la medida de las expectativas del cliente. Para ello el equipo requiere consciencia de sus recursos, de los intercambios internos necesarios y una visi\u00f3n global de la relaci\u00f3n con el cliente como proyecto.<\/p>\n<p>Usando una met\u00e1fora. Aspiramos a que nuestras ofertas y proyectos en cliente sean como m\u00fasica celestial para sus o\u00eddos. Entonces \u00bfpara qu\u00e9\u2026<\/p>\n<ul>\n<li>usas solo a un trompetista por bueno que sea?<\/li>\n<li>usas una orquesta pero solo de viento, o solo de cuerda?<\/li>\n<li>usas una orquesta variada pero que tocan partituras distintas?<\/li>\n<li>usas una orquesta variada con una \u00fanica partitura pero sin director?<\/li>\n<li>usas la mejor orquesta la mejor partitura la mejor direcci\u00f3n y el peor soporte?<\/li>\n<\/ul>\n<p>Analiza al cliente y sus gustos, selecciona las partituras adecuadas al concierto que vas a ofrecerle, forma tu orquesta con un equipo de m\u00fasicos preparados, con la diversidad de instrumentos que el concierto merece, que cada instrumento brille en su momento y la orquesta en todo momento. Que la orquesta conozca el concierto, sus momentos y su coordinaci\u00f3n y ensayo. Comparte y dirige la orquesta partitura en mano y el concierto ser\u00e1 un \u00e9xito.<\/p>\n<blockquote><p>An\u00edmate a organizar tu orquesta y sus repertorios para esta temporada. Poneros cuanto antes a ensayar.<\/p><\/blockquote>\n","protected":false},"excerpt":{"rendered":"<p>Cuando excelentes m\u00fasicos tocan la misma partitura<\/p>\n","protected":false},"author":7,"featured_media":272,"comment_status":"closed","ping_status":"closed","sticky":false,"template":"","format":"standard","meta":{"_acf_changed":false,"footnotes":""},"categories":[11],"tags":[12],"class_list":["post-271","post","type-post","status-publish","format-standard","has-post-thumbnail","hentry","category-venta-relacional","tag-venta-relacional"],"acf":[],"yoast_head":"<!-- This site is optimized with the Yoast SEO plugin v27.2 - https:\/\/yoast.com\/product\/yoast-seo-wordpress\/ -->\n<title>La venta relacional en el equipo - Un post de Nacho Porroche para Bitevol<\/title>\n<meta name=\"description\" content=\"C\u00f3mo incorporar el valor de tu equipo en relaciones de continuidad con clientes, y hacerla perceptiva como valor competitivo.\" \/>\n<meta name=\"robots\" content=\"index, follow, max-snippet:-1, max-image-preview:large, max-video-preview:-1\" \/>\n<link rel=\"canonical\" href=\"https:\/\/bitevol.es\/next\/la-venta-relacional-en-el-equipo\/\" \/>\n<meta property=\"og:locale\" content=\"es_ES\" \/>\n<meta property=\"og:type\" content=\"article\" \/>\n<meta property=\"og:title\" content=\"La venta relacional en el equipo - Un post de Nacho Porroche para Bitevol\" \/>\n<meta property=\"og:description\" content=\"C\u00f3mo incorporar el valor de tu equipo en relaciones de continuidad con clientes, y hacerla perceptiva como valor competitivo.\" \/>\n<meta property=\"og:url\" content=\"https:\/\/bitevol.es\/next\/la-venta-relacional-en-el-equipo\/\" \/>\n<meta property=\"og:site_name\" content=\"Blog de Bitevol\" \/>\n<meta property=\"article:author\" content=\"https:\/\/www.facebook.com\/joseignacio.porrochegil\" \/>\n<meta property=\"article:published_time\" content=\"2018-01-11T07:14:50+00:00\" \/>\n<meta property=\"article:modified_time\" content=\"2018-01-11T20:17:05+00:00\" \/>\n<meta property=\"og:image\" content=\"https:\/\/bitevol.es\/next\/wp-content\/uploads\/2017\/12\/venta-relacional-equipos.jpg\" \/>\n\t<meta property=\"og:image:width\" content=\"356\" \/>\n\t<meta property=\"og:image:height\" content=\"250\" \/>\n\t<meta property=\"og:image:type\" content=\"image\/jpeg\" \/>\n<meta name=\"author\" content=\"Ignacio Porroche\" \/>\n<meta name=\"twitter:card\" content=\"summary_large_image\" \/>\n<meta name=\"twitter:creator\" content=\"@IgnacioPorroche\" \/>\n<meta name=\"twitter:label1\" content=\"Escrito por\" \/>\n\t<meta name=\"twitter:data1\" content=\"Ignacio Porroche\" \/>\n\t<meta name=\"twitter:label2\" content=\"Tiempo de lectura\" \/>\n\t<meta name=\"twitter:data2\" content=\"3 minutos\" \/>\n<script type=\"application\/ld+json\" class=\"yoast-schema-graph\">{\"@context\":\"https:\/\/schema.org\",\"@graph\":[{\"@type\":\"Article\",\"@id\":\"https:\/\/bitevol.es\/next\/la-venta-relacional-en-el-equipo\/#article\",\"isPartOf\":{\"@id\":\"https:\/\/bitevol.es\/next\/la-venta-relacional-en-el-equipo\/\"},\"author\":{\"name\":\"Ignacio Porroche\",\"@id\":\"https:\/\/bitevol.es\/next\/#\/schema\/person\/f19f255ef41ebd6437acb2efb48b6953\"},\"headline\":\"La venta relacional en el equipo\",\"datePublished\":\"2018-01-11T07:14:50+00:00\",\"dateModified\":\"2018-01-11T20:17:05+00:00\",\"mainEntityOfPage\":{\"@id\":\"https:\/\/bitevol.es\/next\/la-venta-relacional-en-el-equipo\/\"},\"wordCount\":586,\"publisher\":{\"@id\":\"https:\/\/bitevol.es\/next\/#organization\"},\"image\":{\"@id\":\"https:\/\/bitevol.es\/next\/la-venta-relacional-en-el-equipo\/#primaryimage\"},\"thumbnailUrl\":\"https:\/\/bitevol.es\/next\/wp-content\/uploads\/2017\/12\/venta-relacional-equipos.jpg\",\"keywords\":[\"venta relacional\"],\"articleSection\":[\"Venta relacional\"],\"inLanguage\":\"es\"},{\"@type\":\"WebPage\",\"@id\":\"https:\/\/bitevol.es\/next\/la-venta-relacional-en-el-equipo\/\",\"url\":\"https:\/\/bitevol.es\/next\/la-venta-relacional-en-el-equipo\/\",\"name\":\"La venta relacional en el equipo - Un post de Nacho Porroche para Bitevol\",\"isPartOf\":{\"@id\":\"https:\/\/bitevol.es\/next\/#website\"},\"primaryImageOfPage\":{\"@id\":\"https:\/\/bitevol.es\/next\/la-venta-relacional-en-el-equipo\/#primaryimage\"},\"image\":{\"@id\":\"https:\/\/bitevol.es\/next\/la-venta-relacional-en-el-equipo\/#primaryimage\"},\"thumbnailUrl\":\"https:\/\/bitevol.es\/next\/wp-content\/uploads\/2017\/12\/venta-relacional-equipos.jpg\",\"datePublished\":\"2018-01-11T07:14:50+00:00\",\"dateModified\":\"2018-01-11T20:17:05+00:00\",\"description\":\"C\u00f3mo incorporar el valor de tu equipo en relaciones de continuidad con clientes, y hacerla perceptiva como valor competitivo.\",\"breadcrumb\":{\"@id\":\"https:\/\/bitevol.es\/next\/la-venta-relacional-en-el-equipo\/#breadcrumb\"},\"inLanguage\":\"es\",\"potentialAction\":[{\"@type\":\"ReadAction\",\"target\":[\"https:\/\/bitevol.es\/next\/la-venta-relacional-en-el-equipo\/\"]}]},{\"@type\":\"ImageObject\",\"inLanguage\":\"es\",\"@id\":\"https:\/\/bitevol.es\/next\/la-venta-relacional-en-el-equipo\/#primaryimage\",\"url\":\"https:\/\/bitevol.es\/next\/wp-content\/uploads\/2017\/12\/venta-relacional-equipos.jpg\",\"contentUrl\":\"https:\/\/bitevol.es\/next\/wp-content\/uploads\/2017\/12\/venta-relacional-equipos.jpg\",\"width\":356,\"height\":250,\"caption\":\"Venta relacional en los equipos\"},{\"@type\":\"BreadcrumbList\",\"@id\":\"https:\/\/bitevol.es\/next\/la-venta-relacional-en-el-equipo\/#breadcrumb\",\"itemListElement\":[{\"@type\":\"ListItem\",\"position\":1,\"name\":\"Portada\",\"item\":\"https:\/\/bitevol.es\/next\/\"},{\"@type\":\"ListItem\",\"position\":2,\"name\":\"La venta relacional en el equipo\"}]},{\"@type\":\"WebSite\",\"@id\":\"https:\/\/bitevol.es\/next\/#website\",\"url\":\"https:\/\/bitevol.es\/next\/\",\"name\":\"Blog de Bitevol\",\"description\":\"Oxigena tu estrategia digital\",\"publisher\":{\"@id\":\"https:\/\/bitevol.es\/next\/#organization\"},\"potentialAction\":[{\"@type\":\"SearchAction\",\"target\":{\"@type\":\"EntryPoint\",\"urlTemplate\":\"https:\/\/bitevol.es\/next\/?s={search_term_string}\"},\"query-input\":{\"@type\":\"PropertyValueSpecification\",\"valueRequired\":true,\"valueName\":\"search_term_string\"}}],\"inLanguage\":\"es\"},{\"@type\":\"Organization\",\"@id\":\"https:\/\/bitevol.es\/next\/#organization\",\"name\":\"BitEvol\",\"url\":\"https:\/\/bitevol.es\/next\/\",\"logo\":{\"@type\":\"ImageObject\",\"inLanguage\":\"es\",\"@id\":\"https:\/\/bitevol.es\/next\/#\/schema\/logo\/image\/\",\"url\":\"https:\/\/bitevol.es\/next\/wp-content\/uploads\/2018\/06\/bitevol-01.png\",\"contentUrl\":\"https:\/\/bitevol.es\/next\/wp-content\/uploads\/2018\/06\/bitevol-01.png\",\"width\":781,\"height\":324,\"caption\":\"BitEvol\"},\"image\":{\"@id\":\"https:\/\/bitevol.es\/next\/#\/schema\/logo\/image\/\"}},{\"@type\":\"Person\",\"@id\":\"https:\/\/bitevol.es\/next\/#\/schema\/person\/f19f255ef41ebd6437acb2efb48b6953\",\"name\":\"Ignacio Porroche\",\"image\":{\"@type\":\"ImageObject\",\"inLanguage\":\"es\",\"@id\":\"https:\/\/secure.gravatar.com\/avatar\/0d39efa292497ccc926db7101de21f2d78f6dd13e13a59447676117d945a18bd?s=96&d=mm&r=g\",\"url\":\"https:\/\/secure.gravatar.com\/avatar\/0d39efa292497ccc926db7101de21f2d78f6dd13e13a59447676117d945a18bd?s=96&d=mm&r=g\",\"contentUrl\":\"https:\/\/secure.gravatar.com\/avatar\/0d39efa292497ccc926db7101de21f2d78f6dd13e13a59447676117d945a18bd?s=96&d=mm&r=g\",\"caption\":\"Ignacio Porroche\"},\"description\":\"Activismo Social Constructivo. Desde Ofici\u00f3nate con la misi\u00f3n de localizar e integrar nuevos modelos de desarrollo de personas y equipos\",\"sameAs\":[\"http:\/\/oficionate.com\/\",\"https:\/\/www.facebook.com\/joseignacio.porrochegil\",\"https:\/\/x.com\/@IgnacioPorroche\"],\"url\":\"https:\/\/bitevol.es\/next\/author\/ignacio-porrocheoficionate-com\/\"}]}<\/script>\n<!-- \/ Yoast SEO plugin. -->","yoast_head_json":{"title":"La venta relacional en el equipo - Un post de Nacho Porroche para Bitevol","description":"C\u00f3mo incorporar el valor de tu equipo en relaciones de continuidad con clientes, y hacerla perceptiva como valor competitivo.","robots":{"index":"index","follow":"follow","max-snippet":"max-snippet:-1","max-image-preview":"max-image-preview:large","max-video-preview":"max-video-preview:-1"},"canonical":"https:\/\/bitevol.es\/next\/la-venta-relacional-en-el-equipo\/","og_locale":"es_ES","og_type":"article","og_title":"La venta relacional en el equipo - Un post de Nacho Porroche para Bitevol","og_description":"C\u00f3mo incorporar el valor de tu equipo en relaciones de continuidad con clientes, y hacerla perceptiva como valor competitivo.","og_url":"https:\/\/bitevol.es\/next\/la-venta-relacional-en-el-equipo\/","og_site_name":"Blog de Bitevol","article_author":"https:\/\/www.facebook.com\/joseignacio.porrochegil","article_published_time":"2018-01-11T07:14:50+00:00","article_modified_time":"2018-01-11T20:17:05+00:00","og_image":[{"width":356,"height":250,"url":"https:\/\/bitevol.es\/next\/wp-content\/uploads\/2017\/12\/venta-relacional-equipos.jpg","type":"image\/jpeg"}],"author":"Ignacio Porroche","twitter_card":"summary_large_image","twitter_creator":"@IgnacioPorroche","twitter_misc":{"Escrito por":"Ignacio Porroche","Tiempo de lectura":"3 minutos"},"schema":{"@context":"https:\/\/schema.org","@graph":[{"@type":"Article","@id":"https:\/\/bitevol.es\/next\/la-venta-relacional-en-el-equipo\/#article","isPartOf":{"@id":"https:\/\/bitevol.es\/next\/la-venta-relacional-en-el-equipo\/"},"author":{"name":"Ignacio Porroche","@id":"https:\/\/bitevol.es\/next\/#\/schema\/person\/f19f255ef41ebd6437acb2efb48b6953"},"headline":"La venta relacional en el equipo","datePublished":"2018-01-11T07:14:50+00:00","dateModified":"2018-01-11T20:17:05+00:00","mainEntityOfPage":{"@id":"https:\/\/bitevol.es\/next\/la-venta-relacional-en-el-equipo\/"},"wordCount":586,"publisher":{"@id":"https:\/\/bitevol.es\/next\/#organization"},"image":{"@id":"https:\/\/bitevol.es\/next\/la-venta-relacional-en-el-equipo\/#primaryimage"},"thumbnailUrl":"https:\/\/bitevol.es\/next\/wp-content\/uploads\/2017\/12\/venta-relacional-equipos.jpg","keywords":["venta relacional"],"articleSection":["Venta relacional"],"inLanguage":"es"},{"@type":"WebPage","@id":"https:\/\/bitevol.es\/next\/la-venta-relacional-en-el-equipo\/","url":"https:\/\/bitevol.es\/next\/la-venta-relacional-en-el-equipo\/","name":"La venta relacional en el equipo - Un post de Nacho Porroche para Bitevol","isPartOf":{"@id":"https:\/\/bitevol.es\/next\/#website"},"primaryImageOfPage":{"@id":"https:\/\/bitevol.es\/next\/la-venta-relacional-en-el-equipo\/#primaryimage"},"image":{"@id":"https:\/\/bitevol.es\/next\/la-venta-relacional-en-el-equipo\/#primaryimage"},"thumbnailUrl":"https:\/\/bitevol.es\/next\/wp-content\/uploads\/2017\/12\/venta-relacional-equipos.jpg","datePublished":"2018-01-11T07:14:50+00:00","dateModified":"2018-01-11T20:17:05+00:00","description":"C\u00f3mo incorporar el valor de tu equipo en relaciones de continuidad con clientes, y hacerla perceptiva como valor competitivo.","breadcrumb":{"@id":"https:\/\/bitevol.es\/next\/la-venta-relacional-en-el-equipo\/#breadcrumb"},"inLanguage":"es","potentialAction":[{"@type":"ReadAction","target":["https:\/\/bitevol.es\/next\/la-venta-relacional-en-el-equipo\/"]}]},{"@type":"ImageObject","inLanguage":"es","@id":"https:\/\/bitevol.es\/next\/la-venta-relacional-en-el-equipo\/#primaryimage","url":"https:\/\/bitevol.es\/next\/wp-content\/uploads\/2017\/12\/venta-relacional-equipos.jpg","contentUrl":"https:\/\/bitevol.es\/next\/wp-content\/uploads\/2017\/12\/venta-relacional-equipos.jpg","width":356,"height":250,"caption":"Venta relacional en los equipos"},{"@type":"BreadcrumbList","@id":"https:\/\/bitevol.es\/next\/la-venta-relacional-en-el-equipo\/#breadcrumb","itemListElement":[{"@type":"ListItem","position":1,"name":"Portada","item":"https:\/\/bitevol.es\/next\/"},{"@type":"ListItem","position":2,"name":"La venta relacional en el equipo"}]},{"@type":"WebSite","@id":"https:\/\/bitevol.es\/next\/#website","url":"https:\/\/bitevol.es\/next\/","name":"Blog de Bitevol","description":"Oxigena tu estrategia digital","publisher":{"@id":"https:\/\/bitevol.es\/next\/#organization"},"potentialAction":[{"@type":"SearchAction","target":{"@type":"EntryPoint","urlTemplate":"https:\/\/bitevol.es\/next\/?s={search_term_string}"},"query-input":{"@type":"PropertyValueSpecification","valueRequired":true,"valueName":"search_term_string"}}],"inLanguage":"es"},{"@type":"Organization","@id":"https:\/\/bitevol.es\/next\/#organization","name":"BitEvol","url":"https:\/\/bitevol.es\/next\/","logo":{"@type":"ImageObject","inLanguage":"es","@id":"https:\/\/bitevol.es\/next\/#\/schema\/logo\/image\/","url":"https:\/\/bitevol.es\/next\/wp-content\/uploads\/2018\/06\/bitevol-01.png","contentUrl":"https:\/\/bitevol.es\/next\/wp-content\/uploads\/2018\/06\/bitevol-01.png","width":781,"height":324,"caption":"BitEvol"},"image":{"@id":"https:\/\/bitevol.es\/next\/#\/schema\/logo\/image\/"}},{"@type":"Person","@id":"https:\/\/bitevol.es\/next\/#\/schema\/person\/f19f255ef41ebd6437acb2efb48b6953","name":"Ignacio Porroche","image":{"@type":"ImageObject","inLanguage":"es","@id":"https:\/\/secure.gravatar.com\/avatar\/0d39efa292497ccc926db7101de21f2d78f6dd13e13a59447676117d945a18bd?s=96&d=mm&r=g","url":"https:\/\/secure.gravatar.com\/avatar\/0d39efa292497ccc926db7101de21f2d78f6dd13e13a59447676117d945a18bd?s=96&d=mm&r=g","contentUrl":"https:\/\/secure.gravatar.com\/avatar\/0d39efa292497ccc926db7101de21f2d78f6dd13e13a59447676117d945a18bd?s=96&d=mm&r=g","caption":"Ignacio Porroche"},"description":"Activismo Social Constructivo. Desde Ofici\u00f3nate con la misi\u00f3n de localizar e integrar nuevos modelos de desarrollo de personas y equipos","sameAs":["http:\/\/oficionate.com\/","https:\/\/www.facebook.com\/joseignacio.porrochegil","https:\/\/x.com\/@IgnacioPorroche"],"url":"https:\/\/bitevol.es\/next\/author\/ignacio-porrocheoficionate-com\/"}]}},"_links":{"self":[{"href":"https:\/\/bitevol.es\/next\/wp-json\/wp\/v2\/posts\/271","targetHints":{"allow":["GET"]}}],"collection":[{"href":"https:\/\/bitevol.es\/next\/wp-json\/wp\/v2\/posts"}],"about":[{"href":"https:\/\/bitevol.es\/next\/wp-json\/wp\/v2\/types\/post"}],"author":[{"embeddable":true,"href":"https:\/\/bitevol.es\/next\/wp-json\/wp\/v2\/users\/7"}],"replies":[{"embeddable":true,"href":"https:\/\/bitevol.es\/next\/wp-json\/wp\/v2\/comments?post=271"}],"version-history":[{"count":3,"href":"https:\/\/bitevol.es\/next\/wp-json\/wp\/v2\/posts\/271\/revisions"}],"predecessor-version":[{"id":275,"href":"https:\/\/bitevol.es\/next\/wp-json\/wp\/v2\/posts\/271\/revisions\/275"}],"wp:featuredmedia":[{"embeddable":true,"href":"https:\/\/bitevol.es\/next\/wp-json\/wp\/v2\/media\/272"}],"wp:attachment":[{"href":"https:\/\/bitevol.es\/next\/wp-json\/wp\/v2\/media?parent=271"}],"wp:term":[{"taxonomy":"category","embeddable":true,"href":"https:\/\/bitevol.es\/next\/wp-json\/wp\/v2\/categories?post=271"},{"taxonomy":"post_tag","embeddable":true,"href":"https:\/\/bitevol.es\/next\/wp-json\/wp\/v2\/tags?post=271"}],"curies":[{"name":"wp","href":"https:\/\/api.w.org\/{rel}","templated":true}]}}