
{"id":553,"date":"2019-06-06T08:28:21","date_gmt":"2019-06-06T08:28:21","guid":{"rendered":"https:\/\/bitevol.es\/blog\/?p=553"},"modified":"2019-07-20T09:21:34","modified_gmt":"2019-07-20T09:21:34","slug":"cuestion-de-prioridades-tu-decides","status":"publish","type":"post","link":"https:\/\/bitevol.es\/next\/cuestion-de-prioridades-tu-decides\/","title":{"rendered":"Cuesti\u00f3n de prioridades, t\u00fa decides"},"content":{"rendered":"<p>Con la honestidad por bandera te dir\u00e9 que si esperas leer algo que no sepas, cierres la p\u00e1gina. No contin\u00faes leyendo el art\u00edculo si esperas encontrarte con algo que desconoc\u00edas hasta este momento; siento decirte que no ser\u00e1 as\u00ed. De hecho, estoy seguro que tampoco <a href=\"https:\/\/bitevol.es\/next\/author\/oscar-mayoral\/\">en mis anteriores art\u00edculos<\/a> he dicho algo que no sepas.<\/p>\n<p>Pero d\u00e9jame decirte algo; ah\u00ed es donde se encuentra nuestra principal adversidad, en que sabemos mucho m\u00e1s de lo que creemos, pero no lo hacemos.<\/p>\n<p>Si pregunt\u00e1semos a cualquiera de nuestros amigos, familiares, etc, cu\u00e1l es la prioridad de sus vidas, estoy seguro de que todos contestar\u00edan lo mismo que dir\u00edamos nosotros. El trabajo, el ocio, amistades, familia\u2026 Pero como tambi\u00e9n sab\u00e9is, no existen dos personas iguales, as\u00ed que <strong>lo que nos diferencia a los unos de los otros es<\/strong> <strong>el orden que ponemos a nuestras prioridades.<\/strong><\/p>\n<p>En dos de los \u00faltimos procesos de selecci\u00f3n en los que he participado me han hecho la misma pregunta; \u00bfcu\u00e1les son tus prioridades?. Respond\u00ed en ambas ocasiones lo mismo, de la misma forma que har\u00e9 si en el futuro se repitiera; <strong>\u201cmis hijos, mi familia, por encima de cualquier otra\u201d<\/strong>.<\/p>\n<p>\u201cEl trabajo no es la prioridad n\u00famero uno para m\u00ed. Es un medio, no un fin\u201d. El trabajo como tal (realizar una tarea para recibir a cambio una remuneraci\u00f3n), no puede, jam\u00e1s, apartar del primer puesto a mi familia y a mis hijos. Si as\u00ed fuera estoy convencido de que m\u00e1s temprano que tarde acabar\u00eda fracasando con el mayor tesoro que un padre puede tener; la vida de mis hijos, el disfrutar de momentos \u00fanicos e irrepetibles con ellos.<br \/>\nEvidentemente que todos necesitamos \u201ctrabajar\u201d para poder vivir, pero m\u00e1s a\u00fan el saber vivir para poder \u201c<a href=\"https:\/\/bitevol.es\/next\/se-feliz-mientras-trabajas\/\">trabajar<\/a>\u201d.<\/p>\n<p>\u00bfAlguna vez os hab\u00e9is parado a pensar, c\u00f3mo es posible que \u2013 algunas &#8211; personas que aparentemente lo tienen todo, no sean felices? Personas dirigiendo empresas, con familia, casas con piscina, altos ingresos. Y luego se encuentra la otra cara de la moneda, personas con ingresos m\u00e1s \u201cmodestos\u201d, pisos humildes, hijos, etc. Los segundos exponen al resto del planeta s\u00f3lo con su mirada una sensaci\u00f3n de felicidad y de \u201c\u00e9xito\u201d digna de enmarcar. \u00bfAcaso no ser\u00e1 cuesti\u00f3n del orden de prioridades?<\/p>\n<p>\u201cS\u00ed, ya, pero los primeros tienen \u00e9xito y los segundos no\u201d, me dicen. <strong>\u00bfQu\u00e9 es el \u00e9xito?<\/strong> \u00bfPor qu\u00e9 s\u00f3lo etiquetamos de \u00e9xito a quien cuenta con mucho dinero? En ese caso, digo yo, ser\u00e1 exitoso econ\u00f3micamente hablando, pero \u00bfy lo dem\u00e1s?.<\/p>\n<p>Hijos sanos, un trabajo con el cual percibe un salario, una mujer que te abraza cuando llegas a casa, una pel\u00edcula en el cine, una escapada a la playa\u2026 \u00bfde verdad que eso no es tener \u00e9xito?<\/p>\n<p><strong><em>\u00abLa vida es muy sencilla. Sencilla, no f\u00e1cil\u00bb<\/em><\/strong>. Lo escuch\u00e9 una vez y me encant\u00f3.<br \/>\nJugar al baloncesto es sencillo (meter una pelota en un aro), pero no es f\u00e1cil.<br \/>\n\u00bfPor qu\u00e9 nos gusta tanto complicarnos la vida, cuando es m\u00e1s sencilla de lo que nosotros nos empe\u00f1amos?<\/p>\n<p>No pretendo, adem\u00e1s de que resultar\u00eda imposible hacerlo, convencer a nadie de que los problemas no existen y de que pr\u00e1cticamente no tenemos ning\u00fan derecho a pasar por malas \u00e9pocas. Yo soy el primero que estos dos \u00faltimos a\u00f1os no lo ha pasado muy bien precisamente, con golpes duros e inesperados (personal y profesionalmente), pero s\u00ed que tenemos la obligaci\u00f3n y el deber de volvernos a levantar, de cerrar el pu\u00f1o y gritar: por mi familia, mi prioridad, que volver\u00e9 a ganar.<\/p>\n<p>Al final la vida consiste en eso, en una competici\u00f3n liguera. Perder\u00e1s muchos partidos y otros los ganar\u00e1s, pero ojo\u2026 que la \u201cliga\u201d es muy larga y aqu\u00ed gana quien es m\u00e1s regular. Y si pierdo, ya nos volveremos a enfrentar, sabr\u00e9 c\u00f3mo juega la vida, su t\u00e1ctica, y estar\u00e9 listo para hacerle frente.<\/p>\n","protected":false},"excerpt":{"rendered":"<p>Trabajo, ocio, amistades, familia&#8230; \u00bfcu\u00e1l es tu nivel de prioridad?<\/p>\n","protected":false},"author":12,"featured_media":555,"comment_status":"closed","ping_status":"closed","sticky":false,"template":"","format":"standard","meta":{"_acf_changed":false,"footnotes":""},"categories":[13],"tags":[14],"class_list":["post-553","post","type-post","status-publish","format-standard","has-post-thumbnail","hentry","category-equipos","tag-equipos"],"acf":[],"yoast_head":"<!-- This site is optimized with the Yoast SEO plugin v27.2 - https:\/\/yoast.com\/product\/yoast-seo-wordpress\/ -->\n<title>Cuesti\u00f3n de prioridades, t\u00fa decides - Blog de Bitevol<\/title>\n<meta name=\"description\" content=\"Trabajo, ocio, amistades, familia... \u00bfcu\u00e1l es tu nivel de prioridad? - Un post de Oscar Mayoral para Bitevol\" \/>\n<meta name=\"robots\" content=\"index, follow, max-snippet:-1, max-image-preview:large, max-video-preview:-1\" \/>\n<link rel=\"canonical\" href=\"https:\/\/bitevol.es\/next\/cuestion-de-prioridades-tu-decides\/\" \/>\n<meta property=\"og:locale\" content=\"es_ES\" \/>\n<meta property=\"og:type\" content=\"article\" \/>\n<meta property=\"og:title\" content=\"Cuesti\u00f3n de prioridades, t\u00fa decides - Blog de Bitevol\" \/>\n<meta property=\"og:description\" content=\"Trabajo, ocio, amistades, familia... \u00bfcu\u00e1l es tu nivel de prioridad? - Un post de Oscar Mayoral para Bitevol\" \/>\n<meta property=\"og:url\" content=\"https:\/\/bitevol.es\/next\/cuestion-de-prioridades-tu-decides\/\" \/>\n<meta property=\"og:site_name\" content=\"Blog de Bitevol\" \/>\n<meta property=\"article:published_time\" content=\"2019-06-06T08:28:21+00:00\" \/>\n<meta property=\"article:modified_time\" content=\"2019-07-20T09:21:34+00:00\" \/>\n<meta property=\"og:image\" content=\"https:\/\/bitevol.es\/next\/wp-content\/uploads\/2019\/06\/cuestion-de-prioridades.jpg\" \/>\n\t<meta property=\"og:image:width\" content=\"356\" \/>\n\t<meta property=\"og:image:height\" content=\"250\" \/>\n\t<meta property=\"og:image:type\" content=\"image\/jpeg\" \/>\n<meta name=\"author\" content=\"Oscar Mayoral\" \/>\n<meta name=\"twitter:card\" content=\"summary_large_image\" \/>\n<meta name=\"twitter:label1\" content=\"Escrito por\" \/>\n\t<meta name=\"twitter:data1\" content=\"Oscar Mayoral\" \/>\n\t<meta name=\"twitter:label2\" content=\"Tiempo de lectura\" \/>\n\t<meta name=\"twitter:data2\" content=\"3 minutos\" \/>\n<script type=\"application\/ld+json\" class=\"yoast-schema-graph\">{\"@context\":\"https:\/\/schema.org\",\"@graph\":[{\"@type\":\"Article\",\"@id\":\"https:\/\/bitevol.es\/next\/cuestion-de-prioridades-tu-decides\/#article\",\"isPartOf\":{\"@id\":\"https:\/\/bitevol.es\/next\/cuestion-de-prioridades-tu-decides\/\"},\"author\":{\"name\":\"Oscar Mayoral\",\"@id\":\"https:\/\/bitevol.es\/next\/#\/schema\/person\/ae33d043c757df2ea71bc329724f4060\"},\"headline\":\"Cuesti\u00f3n de prioridades, t\u00fa decides\",\"datePublished\":\"2019-06-06T08:28:21+00:00\",\"dateModified\":\"2019-07-20T09:21:34+00:00\",\"mainEntityOfPage\":{\"@id\":\"https:\/\/bitevol.es\/next\/cuestion-de-prioridades-tu-decides\/\"},\"wordCount\":686,\"publisher\":{\"@id\":\"https:\/\/bitevol.es\/next\/#organization\"},\"image\":{\"@id\":\"https:\/\/bitevol.es\/next\/cuestion-de-prioridades-tu-decides\/#primaryimage\"},\"thumbnailUrl\":\"https:\/\/bitevol.es\/next\/wp-content\/uploads\/2019\/06\/cuestion-de-prioridades.jpg\",\"keywords\":[\"equipos\"],\"articleSection\":[\"Equipos\"],\"inLanguage\":\"es\"},{\"@type\":\"WebPage\",\"@id\":\"https:\/\/bitevol.es\/next\/cuestion-de-prioridades-tu-decides\/\",\"url\":\"https:\/\/bitevol.es\/next\/cuestion-de-prioridades-tu-decides\/\",\"name\":\"Cuesti\u00f3n de prioridades, t\u00fa decides - Blog de Bitevol\",\"isPartOf\":{\"@id\":\"https:\/\/bitevol.es\/next\/#website\"},\"primaryImageOfPage\":{\"@id\":\"https:\/\/bitevol.es\/next\/cuestion-de-prioridades-tu-decides\/#primaryimage\"},\"image\":{\"@id\":\"https:\/\/bitevol.es\/next\/cuestion-de-prioridades-tu-decides\/#primaryimage\"},\"thumbnailUrl\":\"https:\/\/bitevol.es\/next\/wp-content\/uploads\/2019\/06\/cuestion-de-prioridades.jpg\",\"datePublished\":\"2019-06-06T08:28:21+00:00\",\"dateModified\":\"2019-07-20T09:21:34+00:00\",\"description\":\"Trabajo, ocio, amistades, familia... \u00bfcu\u00e1l es tu nivel de prioridad? - Un post de Oscar Mayoral para Bitevol\",\"breadcrumb\":{\"@id\":\"https:\/\/bitevol.es\/next\/cuestion-de-prioridades-tu-decides\/#breadcrumb\"},\"inLanguage\":\"es\",\"potentialAction\":[{\"@type\":\"ReadAction\",\"target\":[\"https:\/\/bitevol.es\/next\/cuestion-de-prioridades-tu-decides\/\"]}]},{\"@type\":\"ImageObject\",\"inLanguage\":\"es\",\"@id\":\"https:\/\/bitevol.es\/next\/cuestion-de-prioridades-tu-decides\/#primaryimage\",\"url\":\"https:\/\/bitevol.es\/next\/wp-content\/uploads\/2019\/06\/cuestion-de-prioridades.jpg\",\"contentUrl\":\"https:\/\/bitevol.es\/next\/wp-content\/uploads\/2019\/06\/cuestion-de-prioridades.jpg\",\"width\":356,\"height\":250,\"caption\":\"cuestion de prioridades\"},{\"@type\":\"BreadcrumbList\",\"@id\":\"https:\/\/bitevol.es\/next\/cuestion-de-prioridades-tu-decides\/#breadcrumb\",\"itemListElement\":[{\"@type\":\"ListItem\",\"position\":1,\"name\":\"Portada\",\"item\":\"https:\/\/bitevol.es\/next\/\"},{\"@type\":\"ListItem\",\"position\":2,\"name\":\"Cuesti\u00f3n de prioridades, t\u00fa decides\"}]},{\"@type\":\"WebSite\",\"@id\":\"https:\/\/bitevol.es\/next\/#website\",\"url\":\"https:\/\/bitevol.es\/next\/\",\"name\":\"Blog de Bitevol\",\"description\":\"Oxigena tu estrategia digital\",\"publisher\":{\"@id\":\"https:\/\/bitevol.es\/next\/#organization\"},\"potentialAction\":[{\"@type\":\"SearchAction\",\"target\":{\"@type\":\"EntryPoint\",\"urlTemplate\":\"https:\/\/bitevol.es\/next\/?s={search_term_string}\"},\"query-input\":{\"@type\":\"PropertyValueSpecification\",\"valueRequired\":true,\"valueName\":\"search_term_string\"}}],\"inLanguage\":\"es\"},{\"@type\":\"Organization\",\"@id\":\"https:\/\/bitevol.es\/next\/#organization\",\"name\":\"BitEvol\",\"url\":\"https:\/\/bitevol.es\/next\/\",\"logo\":{\"@type\":\"ImageObject\",\"inLanguage\":\"es\",\"@id\":\"https:\/\/bitevol.es\/next\/#\/schema\/logo\/image\/\",\"url\":\"https:\/\/bitevol.es\/next\/wp-content\/uploads\/2018\/06\/bitevol-01.png\",\"contentUrl\":\"https:\/\/bitevol.es\/next\/wp-content\/uploads\/2018\/06\/bitevol-01.png\",\"width\":781,\"height\":324,\"caption\":\"BitEvol\"},\"image\":{\"@id\":\"https:\/\/bitevol.es\/next\/#\/schema\/logo\/image\/\"}},{\"@type\":\"Person\",\"@id\":\"https:\/\/bitevol.es\/next\/#\/schema\/person\/ae33d043c757df2ea71bc329724f4060\",\"name\":\"Oscar Mayoral\",\"image\":{\"@type\":\"ImageObject\",\"inLanguage\":\"es\",\"@id\":\"https:\/\/secure.gravatar.com\/avatar\/f60caa18e55306433d932a39d7ef7db940dd48c8b6c3bd67174c14620b2436e3?s=96&d=mm&r=g\",\"url\":\"https:\/\/secure.gravatar.com\/avatar\/f60caa18e55306433d932a39d7ef7db940dd48c8b6c3bd67174c14620b2436e3?s=96&d=mm&r=g\",\"contentUrl\":\"https:\/\/secure.gravatar.com\/avatar\/f60caa18e55306433d932a39d7ef7db940dd48c8b6c3bd67174c14620b2436e3?s=96&d=mm&r=g\",\"caption\":\"Oscar Mayoral\"},\"description\":\"Juntos mucho mejor: Trabajo en equipo. \\\"Valores\\\" como forma de vida. #Positivismo100%\",\"url\":\"https:\/\/bitevol.es\/next\/author\/oscar-mayoral\/\"}]}<\/script>\n<!-- \/ Yoast SEO plugin. -->","yoast_head_json":{"title":"Cuesti\u00f3n de prioridades, t\u00fa decides - Blog de Bitevol","description":"Trabajo, ocio, amistades, familia... \u00bfcu\u00e1l es tu nivel de prioridad? - Un post de Oscar Mayoral para Bitevol","robots":{"index":"index","follow":"follow","max-snippet":"max-snippet:-1","max-image-preview":"max-image-preview:large","max-video-preview":"max-video-preview:-1"},"canonical":"https:\/\/bitevol.es\/next\/cuestion-de-prioridades-tu-decides\/","og_locale":"es_ES","og_type":"article","og_title":"Cuesti\u00f3n de prioridades, t\u00fa decides - Blog de Bitevol","og_description":"Trabajo, ocio, amistades, familia... \u00bfcu\u00e1l es tu nivel de prioridad? - Un post de Oscar Mayoral para Bitevol","og_url":"https:\/\/bitevol.es\/next\/cuestion-de-prioridades-tu-decides\/","og_site_name":"Blog de Bitevol","article_published_time":"2019-06-06T08:28:21+00:00","article_modified_time":"2019-07-20T09:21:34+00:00","og_image":[{"width":356,"height":250,"url":"https:\/\/bitevol.es\/next\/wp-content\/uploads\/2019\/06\/cuestion-de-prioridades.jpg","type":"image\/jpeg"}],"author":"Oscar Mayoral","twitter_card":"summary_large_image","twitter_misc":{"Escrito por":"Oscar Mayoral","Tiempo de lectura":"3 minutos"},"schema":{"@context":"https:\/\/schema.org","@graph":[{"@type":"Article","@id":"https:\/\/bitevol.es\/next\/cuestion-de-prioridades-tu-decides\/#article","isPartOf":{"@id":"https:\/\/bitevol.es\/next\/cuestion-de-prioridades-tu-decides\/"},"author":{"name":"Oscar Mayoral","@id":"https:\/\/bitevol.es\/next\/#\/schema\/person\/ae33d043c757df2ea71bc329724f4060"},"headline":"Cuesti\u00f3n de prioridades, t\u00fa decides","datePublished":"2019-06-06T08:28:21+00:00","dateModified":"2019-07-20T09:21:34+00:00","mainEntityOfPage":{"@id":"https:\/\/bitevol.es\/next\/cuestion-de-prioridades-tu-decides\/"},"wordCount":686,"publisher":{"@id":"https:\/\/bitevol.es\/next\/#organization"},"image":{"@id":"https:\/\/bitevol.es\/next\/cuestion-de-prioridades-tu-decides\/#primaryimage"},"thumbnailUrl":"https:\/\/bitevol.es\/next\/wp-content\/uploads\/2019\/06\/cuestion-de-prioridades.jpg","keywords":["equipos"],"articleSection":["Equipos"],"inLanguage":"es"},{"@type":"WebPage","@id":"https:\/\/bitevol.es\/next\/cuestion-de-prioridades-tu-decides\/","url":"https:\/\/bitevol.es\/next\/cuestion-de-prioridades-tu-decides\/","name":"Cuesti\u00f3n de prioridades, t\u00fa decides - Blog de Bitevol","isPartOf":{"@id":"https:\/\/bitevol.es\/next\/#website"},"primaryImageOfPage":{"@id":"https:\/\/bitevol.es\/next\/cuestion-de-prioridades-tu-decides\/#primaryimage"},"image":{"@id":"https:\/\/bitevol.es\/next\/cuestion-de-prioridades-tu-decides\/#primaryimage"},"thumbnailUrl":"https:\/\/bitevol.es\/next\/wp-content\/uploads\/2019\/06\/cuestion-de-prioridades.jpg","datePublished":"2019-06-06T08:28:21+00:00","dateModified":"2019-07-20T09:21:34+00:00","description":"Trabajo, ocio, amistades, familia... \u00bfcu\u00e1l es tu nivel de prioridad? - Un post de Oscar Mayoral para Bitevol","breadcrumb":{"@id":"https:\/\/bitevol.es\/next\/cuestion-de-prioridades-tu-decides\/#breadcrumb"},"inLanguage":"es","potentialAction":[{"@type":"ReadAction","target":["https:\/\/bitevol.es\/next\/cuestion-de-prioridades-tu-decides\/"]}]},{"@type":"ImageObject","inLanguage":"es","@id":"https:\/\/bitevol.es\/next\/cuestion-de-prioridades-tu-decides\/#primaryimage","url":"https:\/\/bitevol.es\/next\/wp-content\/uploads\/2019\/06\/cuestion-de-prioridades.jpg","contentUrl":"https:\/\/bitevol.es\/next\/wp-content\/uploads\/2019\/06\/cuestion-de-prioridades.jpg","width":356,"height":250,"caption":"cuestion de prioridades"},{"@type":"BreadcrumbList","@id":"https:\/\/bitevol.es\/next\/cuestion-de-prioridades-tu-decides\/#breadcrumb","itemListElement":[{"@type":"ListItem","position":1,"name":"Portada","item":"https:\/\/bitevol.es\/next\/"},{"@type":"ListItem","position":2,"name":"Cuesti\u00f3n de prioridades, t\u00fa decides"}]},{"@type":"WebSite","@id":"https:\/\/bitevol.es\/next\/#website","url":"https:\/\/bitevol.es\/next\/","name":"Blog de Bitevol","description":"Oxigena tu estrategia digital","publisher":{"@id":"https:\/\/bitevol.es\/next\/#organization"},"potentialAction":[{"@type":"SearchAction","target":{"@type":"EntryPoint","urlTemplate":"https:\/\/bitevol.es\/next\/?s={search_term_string}"},"query-input":{"@type":"PropertyValueSpecification","valueRequired":true,"valueName":"search_term_string"}}],"inLanguage":"es"},{"@type":"Organization","@id":"https:\/\/bitevol.es\/next\/#organization","name":"BitEvol","url":"https:\/\/bitevol.es\/next\/","logo":{"@type":"ImageObject","inLanguage":"es","@id":"https:\/\/bitevol.es\/next\/#\/schema\/logo\/image\/","url":"https:\/\/bitevol.es\/next\/wp-content\/uploads\/2018\/06\/bitevol-01.png","contentUrl":"https:\/\/bitevol.es\/next\/wp-content\/uploads\/2018\/06\/bitevol-01.png","width":781,"height":324,"caption":"BitEvol"},"image":{"@id":"https:\/\/bitevol.es\/next\/#\/schema\/logo\/image\/"}},{"@type":"Person","@id":"https:\/\/bitevol.es\/next\/#\/schema\/person\/ae33d043c757df2ea71bc329724f4060","name":"Oscar Mayoral","image":{"@type":"ImageObject","inLanguage":"es","@id":"https:\/\/secure.gravatar.com\/avatar\/f60caa18e55306433d932a39d7ef7db940dd48c8b6c3bd67174c14620b2436e3?s=96&d=mm&r=g","url":"https:\/\/secure.gravatar.com\/avatar\/f60caa18e55306433d932a39d7ef7db940dd48c8b6c3bd67174c14620b2436e3?s=96&d=mm&r=g","contentUrl":"https:\/\/secure.gravatar.com\/avatar\/f60caa18e55306433d932a39d7ef7db940dd48c8b6c3bd67174c14620b2436e3?s=96&d=mm&r=g","caption":"Oscar Mayoral"},"description":"Juntos mucho mejor: Trabajo en equipo. \"Valores\" como forma de vida. #Positivismo100%","url":"https:\/\/bitevol.es\/next\/author\/oscar-mayoral\/"}]}},"_links":{"self":[{"href":"https:\/\/bitevol.es\/next\/wp-json\/wp\/v2\/posts\/553","targetHints":{"allow":["GET"]}}],"collection":[{"href":"https:\/\/bitevol.es\/next\/wp-json\/wp\/v2\/posts"}],"about":[{"href":"https:\/\/bitevol.es\/next\/wp-json\/wp\/v2\/types\/post"}],"author":[{"embeddable":true,"href":"https:\/\/bitevol.es\/next\/wp-json\/wp\/v2\/users\/12"}],"replies":[{"embeddable":true,"href":"https:\/\/bitevol.es\/next\/wp-json\/wp\/v2\/comments?post=553"}],"version-history":[{"count":4,"href":"https:\/\/bitevol.es\/next\/wp-json\/wp\/v2\/posts\/553\/revisions"}],"predecessor-version":[{"id":560,"href":"https:\/\/bitevol.es\/next\/wp-json\/wp\/v2\/posts\/553\/revisions\/560"}],"wp:featuredmedia":[{"embeddable":true,"href":"https:\/\/bitevol.es\/next\/wp-json\/wp\/v2\/media\/555"}],"wp:attachment":[{"href":"https:\/\/bitevol.es\/next\/wp-json\/wp\/v2\/media?parent=553"}],"wp:term":[{"taxonomy":"category","embeddable":true,"href":"https:\/\/bitevol.es\/next\/wp-json\/wp\/v2\/categories?post=553"},{"taxonomy":"post_tag","embeddable":true,"href":"https:\/\/bitevol.es\/next\/wp-json\/wp\/v2\/tags?post=553"}],"curies":[{"name":"wp","href":"https:\/\/api.w.org\/{rel}","templated":true}]}}