
{"id":582,"date":"2023-06-04T06:35:31","date_gmt":"2023-06-04T06:35:31","guid":{"rendered":"https:\/\/bitevol.es\/blog\/?p=582"},"modified":"2024-04-06T09:56:22","modified_gmt":"2024-04-06T09:56:22","slug":"yo-soy-bitevol","status":"publish","type":"post","link":"https:\/\/bitevol.es\/next\/yo-soy-bitevol\/","title":{"rendered":"Yo soy Bitevol"},"content":{"rendered":"\n<p>En primer lugar me gustar\u00eda presentarme mi nombre es Joan Nadal y soy un trotamundos de los proyectos, la vida me ha dado la oportunidad de desarrollar proyectos en tres continentes y en multitud de pa\u00edses, con lo que he tenido la oportunidad de aprender y conocer diferentes maneras de <strong>organizaci\u00f3n y de gesti\u00f3n de proyectos<\/strong>, con personas de diferentes nacionalidades y de diferentes sectores.<\/p>\n\n\n\n<p>Dicho esto soy arquitecto t\u00e9cnico de formaci\u00f3n y Project manager en el \u00e1mbito de proyectos sanitarios de profesi\u00f3n, este pre\u00e1mbulo era importante por que en mi ultimo capitulo de  vida, he tenido la oportunidad de conocer una forma de hacer las cosas que sin duda me ha dejado maravillado e impresionado.<\/p>\n\n\n\n<p>Esta ultima experiencia, como digo me ha permitido conocer lo que yo voy a llamar, el sistema bitevol, y que sin duda <strong>me gustar\u00eda decir alto y claro que yo soy bitevol.<\/strong><\/p>\n\n\n\n<p>Alguien se preguntar\u00e1 que es Bitevol, pues como dir\u00eda mi padre, que a los que somos de pueblo y peque\u00f1o nos gusta recordar lo que nuestros ancestros nos dec\u00edan, Bitevol es una forma de entender los proyectos desde el inicio hasta el final, en un mundo donde estamos acostumbrados a pensar y querer ya inmediatamente los resultados, con bitevol entendemos que <strong>la forma de que un proyecto tenga \u00e9xito es<\/strong> <strong>SO\u00d1AR<\/strong>,<strong> despu\u00e9s, PLANIFICAR, y por ultimo TRABAJAR<\/strong>, por que trabajar sin tener esta fase de planificaci\u00f3n no nos lleva a ning\u00fan lugar, pero trabajar sin esa parte m\u00e1gica del sue\u00f1o, no nos lleva a sentirnos motivados en lo que hacemos.<\/p>\n\n\n\n<p>Por eso para mi bitevol, es en una parte muy importante la <strong>estrategia y la planificaci\u00f3n<\/strong> que todo proyecto debe tener, y que sin duda en bitevol, es una m\u00e1xima del dia a dia, pero poniendo \u00e9nfasis en el inicio y el final en los dos apartados que voy a profundizar un poco mas.<\/p>\n\n\n\n<p><strong>SO\u00d1AR<\/strong> es bitevol, por que he podido comprobar en este poco mas de un a\u00f1o, de proyecto en com\u00fan que el sue\u00f1o es parte principal de nuestro ADN, las noches de conversaci\u00f3n de hacia donde creemos que tenemos que enfocar cualquier campa\u00f1a o cualquier proyecto, las cervezas en una terraza frente al mar, los momentos mas personales, hacen que el proyecto tenga esp\u00edritu, fuerza, por que sin duda el sue\u00f1o es el momento que el ser humano alcanza cosas que en la vida real es imposible alcanzar, y es por tanto en estos momentos donde ser bitevol es ser espiritual, metaf\u00edsico, y poder llegar en el futuro a metas que en estado normal ni nos plantear\u00edamos.<\/p>\n\n\n\n<p><strong>TRABAJAR<\/strong> es bitevol, eso es lo que mas he podido disfrutar\/sufrir, jejejejeje, por que nada sale sin preparaci\u00f3n y sin trabajarlo, hasta la perfecci\u00f3n, la disciplina en las fechas, en los hitos, tener todo y repito todo\u2026\u2026. Hasta el mas minimo detalle, previsto y trabajado, y no permitir el error, peros siempre aplicando el m\u00e9todo pedag\u00f3gico, de aprender de aquel error para mejorar, y que todo este documentado y trabajado para que la experiencia del cliente sea gratificante.<\/p>\n\n\n\n<p><strong>PLANIFICAR<\/strong> es bitevol, esta sin duda es la parte que mas me ha sorprendido, por que se aplica en bitevol las t\u00e9cnicas japonesas de proyectos trabajados hasta el m\u00ednimo detalle, por que es mas importante trabajar en la fase de proyecto que no en la fase de ejecuci\u00f3n. Si un proyecto esta bien definido se reduce mucho el coste error, y se disfruta mucho mas del proyecto como un todo.<\/p>\n\n\n\n<p>Como pueden apreciar no he pronunciado ning\u00fan nombre salvo el m\u00edo, para que pueda verificarse la autenticidad de este comentario, y es que no es preciso hablar de quien esta detr\u00e1s de bitevol, por que sin duda quien ha podido compartir un proyecto bitevol y se convierte en fan del sistema, tiene el nombre de la persona que hace que este proyecto cada d\u00eda avance con mas fuerza y cada vez tenga mas sentido SO\u00d1AR, PLANIFICAR y TRABAJAR en modo bitevol.<\/p>\n","protected":false},"excerpt":{"rendered":"<p>SO\u00d1AR, PLANIFICAR y TRABAJAR en modo bitevol<\/p>\n","protected":false},"author":15,"featured_media":592,"comment_status":"closed","ping_status":"closed","sticky":false,"template":"","format":"standard","meta":{"_acf_changed":false,"footnotes":""},"categories":[9],"tags":[14,10],"class_list":["post-582","post","type-post","status-publish","format-standard","has-post-thumbnail","hentry","category-oficina-tecnica","tag-equipos","tag-oficina-tecnica"],"acf":[],"yoast_head":"<!-- This site is optimized with the Yoast SEO plugin v27.2 - https:\/\/yoast.com\/product\/yoast-seo-wordpress\/ -->\n<title>Yo soy Bitevol - Blog de Bitevol<\/title>\n<meta name=\"description\" content=\"Vivencias personales en organizaci\u00f3n y de gesti\u00f3n de proyectos. Una visi\u00f3n particular de Joan Nadal, project manager en el \u00e1mbito de proyectos sanitarios.\" \/>\n<meta name=\"robots\" content=\"index, follow, max-snippet:-1, max-image-preview:large, max-video-preview:-1\" \/>\n<link rel=\"canonical\" href=\"https:\/\/bitevol.es\/next\/yo-soy-bitevol\/\" \/>\n<meta property=\"og:locale\" content=\"es_ES\" \/>\n<meta property=\"og:type\" content=\"article\" \/>\n<meta property=\"og:title\" content=\"Yo soy Bitevol - Blog de Bitevol\" \/>\n<meta property=\"og:description\" content=\"Vivencias personales en organizaci\u00f3n y de gesti\u00f3n de proyectos. Una visi\u00f3n particular de Joan Nadal, project manager en el \u00e1mbito de proyectos sanitarios.\" \/>\n<meta property=\"og:url\" content=\"https:\/\/bitevol.es\/next\/yo-soy-bitevol\/\" \/>\n<meta property=\"og:site_name\" content=\"Blog de Bitevol\" \/>\n<meta property=\"article:published_time\" content=\"2023-06-04T06:35:31+00:00\" \/>\n<meta property=\"article:modified_time\" content=\"2024-04-06T09:56:22+00:00\" \/>\n<meta property=\"og:image\" content=\"https:\/\/bitevol.es\/next\/wp-content\/uploads\/2019\/08\/yo-soy-bitevol-gestion-proyectos.jpg\" \/>\n\t<meta property=\"og:image:width\" content=\"356\" \/>\n\t<meta property=\"og:image:height\" content=\"250\" \/>\n\t<meta property=\"og:image:type\" content=\"image\/jpeg\" \/>\n<meta name=\"author\" content=\"Joan Nadal\" \/>\n<meta name=\"twitter:card\" content=\"summary_large_image\" \/>\n<meta name=\"twitter:label1\" content=\"Escrito por\" \/>\n\t<meta name=\"twitter:data1\" content=\"Joan Nadal\" \/>\n\t<meta name=\"twitter:label2\" content=\"Tiempo de lectura\" \/>\n\t<meta name=\"twitter:data2\" content=\"4 minutos\" \/>\n<script type=\"application\/ld+json\" class=\"yoast-schema-graph\">{\"@context\":\"https:\/\/schema.org\",\"@graph\":[{\"@type\":\"Article\",\"@id\":\"https:\/\/bitevol.es\/next\/yo-soy-bitevol\/#article\",\"isPartOf\":{\"@id\":\"https:\/\/bitevol.es\/next\/yo-soy-bitevol\/\"},\"author\":{\"name\":\"Joan Nadal\",\"@id\":\"https:\/\/bitevol.es\/next\/#\/schema\/person\/7215f9ce9ade3e409c45bb18a07a6ad8\"},\"headline\":\"Yo soy Bitevol\",\"datePublished\":\"2023-06-04T06:35:31+00:00\",\"dateModified\":\"2024-04-06T09:56:22+00:00\",\"mainEntityOfPage\":{\"@id\":\"https:\/\/bitevol.es\/next\/yo-soy-bitevol\/\"},\"wordCount\":703,\"publisher\":{\"@id\":\"https:\/\/bitevol.es\/next\/#organization\"},\"image\":{\"@id\":\"https:\/\/bitevol.es\/next\/yo-soy-bitevol\/#primaryimage\"},\"thumbnailUrl\":\"https:\/\/bitevol.es\/next\/wp-content\/uploads\/2019\/08\/yo-soy-bitevol-gestion-proyectos.jpg\",\"keywords\":[\"equipos\",\"oficina t\u00e9cnica\"],\"articleSection\":[\"Oficina t\u00e9cnica\"],\"inLanguage\":\"es\"},{\"@type\":\"WebPage\",\"@id\":\"https:\/\/bitevol.es\/next\/yo-soy-bitevol\/\",\"url\":\"https:\/\/bitevol.es\/next\/yo-soy-bitevol\/\",\"name\":\"Yo soy Bitevol - Blog de Bitevol\",\"isPartOf\":{\"@id\":\"https:\/\/bitevol.es\/next\/#website\"},\"primaryImageOfPage\":{\"@id\":\"https:\/\/bitevol.es\/next\/yo-soy-bitevol\/#primaryimage\"},\"image\":{\"@id\":\"https:\/\/bitevol.es\/next\/yo-soy-bitevol\/#primaryimage\"},\"thumbnailUrl\":\"https:\/\/bitevol.es\/next\/wp-content\/uploads\/2019\/08\/yo-soy-bitevol-gestion-proyectos.jpg\",\"datePublished\":\"2023-06-04T06:35:31+00:00\",\"dateModified\":\"2024-04-06T09:56:22+00:00\",\"description\":\"Vivencias personales en organizaci\u00f3n y de gesti\u00f3n de proyectos. Una visi\u00f3n particular de Joan Nadal, project manager en el \u00e1mbito de proyectos sanitarios.\",\"breadcrumb\":{\"@id\":\"https:\/\/bitevol.es\/next\/yo-soy-bitevol\/#breadcrumb\"},\"inLanguage\":\"es\",\"potentialAction\":[{\"@type\":\"ReadAction\",\"target\":[\"https:\/\/bitevol.es\/next\/yo-soy-bitevol\/\"]}]},{\"@type\":\"ImageObject\",\"inLanguage\":\"es\",\"@id\":\"https:\/\/bitevol.es\/next\/yo-soy-bitevol\/#primaryimage\",\"url\":\"https:\/\/bitevol.es\/next\/wp-content\/uploads\/2019\/08\/yo-soy-bitevol-gestion-proyectos.jpg\",\"contentUrl\":\"https:\/\/bitevol.es\/next\/wp-content\/uploads\/2019\/08\/yo-soy-bitevol-gestion-proyectos.jpg\",\"width\":356,\"height\":250,\"caption\":\"Visi\u00f3n personal de la gesti\u00f3n de proyectos\"},{\"@type\":\"BreadcrumbList\",\"@id\":\"https:\/\/bitevol.es\/next\/yo-soy-bitevol\/#breadcrumb\",\"itemListElement\":[{\"@type\":\"ListItem\",\"position\":1,\"name\":\"Portada\",\"item\":\"https:\/\/bitevol.es\/next\/\"},{\"@type\":\"ListItem\",\"position\":2,\"name\":\"Yo soy Bitevol\"}]},{\"@type\":\"WebSite\",\"@id\":\"https:\/\/bitevol.es\/next\/#website\",\"url\":\"https:\/\/bitevol.es\/next\/\",\"name\":\"Blog de Bitevol\",\"description\":\"Oxigena tu estrategia digital\",\"publisher\":{\"@id\":\"https:\/\/bitevol.es\/next\/#organization\"},\"potentialAction\":[{\"@type\":\"SearchAction\",\"target\":{\"@type\":\"EntryPoint\",\"urlTemplate\":\"https:\/\/bitevol.es\/next\/?s={search_term_string}\"},\"query-input\":{\"@type\":\"PropertyValueSpecification\",\"valueRequired\":true,\"valueName\":\"search_term_string\"}}],\"inLanguage\":\"es\"},{\"@type\":\"Organization\",\"@id\":\"https:\/\/bitevol.es\/next\/#organization\",\"name\":\"BitEvol\",\"url\":\"https:\/\/bitevol.es\/next\/\",\"logo\":{\"@type\":\"ImageObject\",\"inLanguage\":\"es\",\"@id\":\"https:\/\/bitevol.es\/next\/#\/schema\/logo\/image\/\",\"url\":\"https:\/\/bitevol.es\/next\/wp-content\/uploads\/2018\/06\/bitevol-01.png\",\"contentUrl\":\"https:\/\/bitevol.es\/next\/wp-content\/uploads\/2018\/06\/bitevol-01.png\",\"width\":781,\"height\":324,\"caption\":\"BitEvol\"},\"image\":{\"@id\":\"https:\/\/bitevol.es\/next\/#\/schema\/logo\/image\/\"}},{\"@type\":\"Person\",\"@id\":\"https:\/\/bitevol.es\/next\/#\/schema\/person\/7215f9ce9ade3e409c45bb18a07a6ad8\",\"name\":\"Joan Nadal\",\"image\":{\"@type\":\"ImageObject\",\"inLanguage\":\"es\",\"@id\":\"https:\/\/secure.gravatar.com\/avatar\/69ff0f2f5f2ef2511317b5b29ba988032a8965f536212beb1853a2d9b35e639d?s=96&d=mm&r=g\",\"url\":\"https:\/\/secure.gravatar.com\/avatar\/69ff0f2f5f2ef2511317b5b29ba988032a8965f536212beb1853a2d9b35e639d?s=96&d=mm&r=g\",\"contentUrl\":\"https:\/\/secure.gravatar.com\/avatar\/69ff0f2f5f2ef2511317b5b29ba988032a8965f536212beb1853a2d9b35e639d?s=96&d=mm&r=g\",\"caption\":\"Joan Nadal\"},\"description\":\"Trotamundos de los proyectos. Arquitecto t\u00e9cnico de formaci\u00f3n y project manager en el \u00e1mbito de proyectos sanitarios de profesi\u00f3n.\",\"url\":\"https:\/\/bitevol.es\/next\/author\/joan-nadal\/\"}]}<\/script>\n<!-- \/ Yoast SEO plugin. -->","yoast_head_json":{"title":"Yo soy Bitevol - Blog de Bitevol","description":"Vivencias personales en organizaci\u00f3n y de gesti\u00f3n de proyectos. Una visi\u00f3n particular de Joan Nadal, project manager en el \u00e1mbito de proyectos sanitarios.","robots":{"index":"index","follow":"follow","max-snippet":"max-snippet:-1","max-image-preview":"max-image-preview:large","max-video-preview":"max-video-preview:-1"},"canonical":"https:\/\/bitevol.es\/next\/yo-soy-bitevol\/","og_locale":"es_ES","og_type":"article","og_title":"Yo soy Bitevol - Blog de Bitevol","og_description":"Vivencias personales en organizaci\u00f3n y de gesti\u00f3n de proyectos. Una visi\u00f3n particular de Joan Nadal, project manager en el \u00e1mbito de proyectos sanitarios.","og_url":"https:\/\/bitevol.es\/next\/yo-soy-bitevol\/","og_site_name":"Blog de Bitevol","article_published_time":"2023-06-04T06:35:31+00:00","article_modified_time":"2024-04-06T09:56:22+00:00","og_image":[{"width":356,"height":250,"url":"https:\/\/bitevol.es\/next\/wp-content\/uploads\/2019\/08\/yo-soy-bitevol-gestion-proyectos.jpg","type":"image\/jpeg"}],"author":"Joan Nadal","twitter_card":"summary_large_image","twitter_misc":{"Escrito por":"Joan Nadal","Tiempo de lectura":"4 minutos"},"schema":{"@context":"https:\/\/schema.org","@graph":[{"@type":"Article","@id":"https:\/\/bitevol.es\/next\/yo-soy-bitevol\/#article","isPartOf":{"@id":"https:\/\/bitevol.es\/next\/yo-soy-bitevol\/"},"author":{"name":"Joan Nadal","@id":"https:\/\/bitevol.es\/next\/#\/schema\/person\/7215f9ce9ade3e409c45bb18a07a6ad8"},"headline":"Yo soy Bitevol","datePublished":"2023-06-04T06:35:31+00:00","dateModified":"2024-04-06T09:56:22+00:00","mainEntityOfPage":{"@id":"https:\/\/bitevol.es\/next\/yo-soy-bitevol\/"},"wordCount":703,"publisher":{"@id":"https:\/\/bitevol.es\/next\/#organization"},"image":{"@id":"https:\/\/bitevol.es\/next\/yo-soy-bitevol\/#primaryimage"},"thumbnailUrl":"https:\/\/bitevol.es\/next\/wp-content\/uploads\/2019\/08\/yo-soy-bitevol-gestion-proyectos.jpg","keywords":["equipos","oficina t\u00e9cnica"],"articleSection":["Oficina t\u00e9cnica"],"inLanguage":"es"},{"@type":"WebPage","@id":"https:\/\/bitevol.es\/next\/yo-soy-bitevol\/","url":"https:\/\/bitevol.es\/next\/yo-soy-bitevol\/","name":"Yo soy Bitevol - Blog de Bitevol","isPartOf":{"@id":"https:\/\/bitevol.es\/next\/#website"},"primaryImageOfPage":{"@id":"https:\/\/bitevol.es\/next\/yo-soy-bitevol\/#primaryimage"},"image":{"@id":"https:\/\/bitevol.es\/next\/yo-soy-bitevol\/#primaryimage"},"thumbnailUrl":"https:\/\/bitevol.es\/next\/wp-content\/uploads\/2019\/08\/yo-soy-bitevol-gestion-proyectos.jpg","datePublished":"2023-06-04T06:35:31+00:00","dateModified":"2024-04-06T09:56:22+00:00","description":"Vivencias personales en organizaci\u00f3n y de gesti\u00f3n de proyectos. Una visi\u00f3n particular de Joan Nadal, project manager en el \u00e1mbito de proyectos sanitarios.","breadcrumb":{"@id":"https:\/\/bitevol.es\/next\/yo-soy-bitevol\/#breadcrumb"},"inLanguage":"es","potentialAction":[{"@type":"ReadAction","target":["https:\/\/bitevol.es\/next\/yo-soy-bitevol\/"]}]},{"@type":"ImageObject","inLanguage":"es","@id":"https:\/\/bitevol.es\/next\/yo-soy-bitevol\/#primaryimage","url":"https:\/\/bitevol.es\/next\/wp-content\/uploads\/2019\/08\/yo-soy-bitevol-gestion-proyectos.jpg","contentUrl":"https:\/\/bitevol.es\/next\/wp-content\/uploads\/2019\/08\/yo-soy-bitevol-gestion-proyectos.jpg","width":356,"height":250,"caption":"Visi\u00f3n personal de la gesti\u00f3n de proyectos"},{"@type":"BreadcrumbList","@id":"https:\/\/bitevol.es\/next\/yo-soy-bitevol\/#breadcrumb","itemListElement":[{"@type":"ListItem","position":1,"name":"Portada","item":"https:\/\/bitevol.es\/next\/"},{"@type":"ListItem","position":2,"name":"Yo soy Bitevol"}]},{"@type":"WebSite","@id":"https:\/\/bitevol.es\/next\/#website","url":"https:\/\/bitevol.es\/next\/","name":"Blog de Bitevol","description":"Oxigena tu estrategia digital","publisher":{"@id":"https:\/\/bitevol.es\/next\/#organization"},"potentialAction":[{"@type":"SearchAction","target":{"@type":"EntryPoint","urlTemplate":"https:\/\/bitevol.es\/next\/?s={search_term_string}"},"query-input":{"@type":"PropertyValueSpecification","valueRequired":true,"valueName":"search_term_string"}}],"inLanguage":"es"},{"@type":"Organization","@id":"https:\/\/bitevol.es\/next\/#organization","name":"BitEvol","url":"https:\/\/bitevol.es\/next\/","logo":{"@type":"ImageObject","inLanguage":"es","@id":"https:\/\/bitevol.es\/next\/#\/schema\/logo\/image\/","url":"https:\/\/bitevol.es\/next\/wp-content\/uploads\/2018\/06\/bitevol-01.png","contentUrl":"https:\/\/bitevol.es\/next\/wp-content\/uploads\/2018\/06\/bitevol-01.png","width":781,"height":324,"caption":"BitEvol"},"image":{"@id":"https:\/\/bitevol.es\/next\/#\/schema\/logo\/image\/"}},{"@type":"Person","@id":"https:\/\/bitevol.es\/next\/#\/schema\/person\/7215f9ce9ade3e409c45bb18a07a6ad8","name":"Joan Nadal","image":{"@type":"ImageObject","inLanguage":"es","@id":"https:\/\/secure.gravatar.com\/avatar\/69ff0f2f5f2ef2511317b5b29ba988032a8965f536212beb1853a2d9b35e639d?s=96&d=mm&r=g","url":"https:\/\/secure.gravatar.com\/avatar\/69ff0f2f5f2ef2511317b5b29ba988032a8965f536212beb1853a2d9b35e639d?s=96&d=mm&r=g","contentUrl":"https:\/\/secure.gravatar.com\/avatar\/69ff0f2f5f2ef2511317b5b29ba988032a8965f536212beb1853a2d9b35e639d?s=96&d=mm&r=g","caption":"Joan Nadal"},"description":"Trotamundos de los proyectos. Arquitecto t\u00e9cnico de formaci\u00f3n y project manager en el \u00e1mbito de proyectos sanitarios de profesi\u00f3n.","url":"https:\/\/bitevol.es\/next\/author\/joan-nadal\/"}]}},"_links":{"self":[{"href":"https:\/\/bitevol.es\/next\/wp-json\/wp\/v2\/posts\/582","targetHints":{"allow":["GET"]}}],"collection":[{"href":"https:\/\/bitevol.es\/next\/wp-json\/wp\/v2\/posts"}],"about":[{"href":"https:\/\/bitevol.es\/next\/wp-json\/wp\/v2\/types\/post"}],"author":[{"embeddable":true,"href":"https:\/\/bitevol.es\/next\/wp-json\/wp\/v2\/users\/15"}],"replies":[{"embeddable":true,"href":"https:\/\/bitevol.es\/next\/wp-json\/wp\/v2\/comments?post=582"}],"version-history":[{"count":7,"href":"https:\/\/bitevol.es\/next\/wp-json\/wp\/v2\/posts\/582\/revisions"}],"predecessor-version":[{"id":589,"href":"https:\/\/bitevol.es\/next\/wp-json\/wp\/v2\/posts\/582\/revisions\/589"}],"wp:featuredmedia":[{"embeddable":true,"href":"https:\/\/bitevol.es\/next\/wp-json\/wp\/v2\/media\/592"}],"wp:attachment":[{"href":"https:\/\/bitevol.es\/next\/wp-json\/wp\/v2\/media?parent=582"}],"wp:term":[{"taxonomy":"category","embeddable":true,"href":"https:\/\/bitevol.es\/next\/wp-json\/wp\/v2\/categories?post=582"},{"taxonomy":"post_tag","embeddable":true,"href":"https:\/\/bitevol.es\/next\/wp-json\/wp\/v2\/tags?post=582"}],"curies":[{"name":"wp","href":"https:\/\/api.w.org\/{rel}","templated":true}]}}