
{"id":631,"date":"2020-03-27T09:37:31","date_gmt":"2020-03-27T09:37:31","guid":{"rendered":"https:\/\/bitevol.es\/blog\/?p=631"},"modified":"2020-03-27T09:46:36","modified_gmt":"2020-03-27T09:46:36","slug":"luces-y-sombras-tele-trabajando-durante-el-covid-19","status":"publish","type":"post","link":"https:\/\/bitevol.es\/next\/luces-y-sombras-tele-trabajando-durante-el-covid-19\/","title":{"rendered":"Luces y sombras tele-trabajando durante el COVID-19"},"content":{"rendered":"\n<p>Recuerdo perfectamente el momento en el que la primera de\nmis amigas me dijo que desde ese d\u00eda en su empresa iban a trabajar desde casa.\nEn ese momento la realidad del COVID-19 no era tan preocupante como hoy en d\u00eda,\npero en mi mente un piloto se activ\u00f3 con una gran se\u00f1al de alerta. \u00bf\u00edbamos a\nacabar todos tele-trabando? \u00bfQu\u00e9 supondr\u00eda ese cambio radical? Solo pasaron dos\nd\u00edas cuando me comunicaron que yo tambi\u00e9n trabajar\u00eda desde casa. <\/p>\n\n\n\n<p>En ese momento no sab\u00eda lo afortunada que deb\u00eda sentirme por\npoder realizar mi trabajo c\u00f3modamente desde casa, otros no tienen, ni tendr\u00e1n,\nla misma suerte que yo: m\u00e9dicos\/as, farmac\u00e9uticos\/as, cajeros\/as de\nsupermercado\u2026 y otros tantos profesionales que deben de seguir al pie del ca\u00f1\u00f3n\npor el bien com\u00fan. <\/p>\n\n\n\n<p>Siempre hab\u00eda querido trabajar desde casa y ver si de verdad\nera tan complicado como todo el mundo dec\u00eda. \u201cTrabajar\u00e1s m\u00e1s de lo que trabajas\nen la oficina\u201d, \u201cVas a aburrirte mucho sin hablar con nadie\u201d son algunas de las\nprimeras frases que o\u00ed. Sin embargo, lejos de la realidad, para m\u00ed la\nexperiencia de teletrabajar ha sido enriquecedora y doy gracias a la tecnolog\u00eda\npor permitir que sea posible. <\/p>\n\n\n\n<p>Porque sin programas de conexi\u00f3n remota, aplicaciones para hacer videollamadas en grupo, chats\u2026 No ser\u00eda posible trabajar tal y como lo hago en la oficina, manteniendo la <a href=\"https:\/\/bitevol.es\/next\/equipos\/\">comunicaci\u00f3n con todos mis compa\u00f1eros<\/a>. No solo soy igual o m\u00e1s productiva, tambi\u00e9n ha supuesto un confort en mi vida al evitar perder el tiempo en trasladarme de casa a la oficina y viceversa. <\/p>\n\n\n\n<p>Bien es verdad que como humanos sociales que somos\nnecesitamos el contacto y comunicaci\u00f3n con otros humanos. Pero como dec\u00eda, la\nopci\u00f3n de comunicarse v\u00eda chat o webcam hace posible el trabajo en equipo,\nhaciendo mucho m\u00e1s llevadero el tele-trabajo.<\/p>\n\n\n\n<p>El COVID-19 ha llevado a gran parte de la sociedad a\nexperimentar c\u00f3mo es trabajar desde casa con todos los pros y contras que eso\nsupone. Los empresarios han tenido que confiar en que sus empleados sean\neficientes trabajando de este modo y quien sabe si esto llevar\u00e1 a cambiar la visi\u00f3n\nque la sociedad ten\u00eda de esta modalidad de trabajo. <\/p>\n\n\n\n<p>\u00bfSer\u00e1 a partir del coronavirus mejor visto el tele-trabajo?\n\u00bfSe fomentar\u00e1 m\u00e1s la conciliaci\u00f3n familiar? No sabemos cu\u00e1ndo acabar\u00e1 esta\nsituaci\u00f3n, pero lo que est\u00e1 claro es que el COVID-19 supondr\u00e1 un cambio en los\nmodelos de trabajos actuales y futuros. <\/p>\n","protected":false},"excerpt":{"rendered":"<p>Todav\u00eda no me he vuelto loca teletrabajando en la cuarentena por el COVID-19. <\/p>\n","protected":false},"author":17,"featured_media":632,"comment_status":"closed","ping_status":"closed","sticky":false,"template":"","format":"standard","meta":{"_acf_changed":false,"footnotes":""},"categories":[13],"tags":[14,10],"class_list":["post-631","post","type-post","status-publish","format-standard","has-post-thumbnail","hentry","category-equipos","tag-equipos","tag-oficina-tecnica"],"acf":[],"yoast_head":"<!-- This site is optimized with the Yoast SEO plugin v27.2 - https:\/\/yoast.com\/product\/yoast-seo-wordpress\/ -->\n<title>Luces y sombras tele-trabajando durante el COVID-19 - Blog de Bitevol<\/title>\n<meta name=\"robots\" content=\"index, follow, max-snippet:-1, max-image-preview:large, max-video-preview:-1\" \/>\n<link rel=\"canonical\" href=\"https:\/\/bitevol.es\/next\/luces-y-sombras-tele-trabajando-durante-el-covid-19\/\" \/>\n<meta property=\"og:locale\" content=\"es_ES\" \/>\n<meta property=\"og:type\" content=\"article\" \/>\n<meta property=\"og:title\" content=\"Luces y sombras tele-trabajando durante el COVID-19 - Blog de Bitevol\" \/>\n<meta property=\"og:description\" content=\"Todav\u00eda no me he vuelto loca teletrabajando en la cuarentena por el COVID-19.\" \/>\n<meta property=\"og:url\" content=\"https:\/\/bitevol.es\/next\/luces-y-sombras-tele-trabajando-durante-el-covid-19\/\" \/>\n<meta property=\"og:site_name\" content=\"Blog de Bitevol\" \/>\n<meta property=\"article:published_time\" content=\"2020-03-27T09:37:31+00:00\" \/>\n<meta property=\"article:modified_time\" content=\"2020-03-27T09:46:36+00:00\" \/>\n<meta property=\"og:image\" content=\"https:\/\/bitevol.es\/next\/wp-content\/uploads\/2020\/03\/teletrabajo.jpg\" \/>\n\t<meta property=\"og:image:width\" content=\"640\" \/>\n\t<meta property=\"og:image:height\" content=\"426\" \/>\n\t<meta property=\"og:image:type\" content=\"image\/jpeg\" \/>\n<meta name=\"author\" content=\"Laura Lafuente\" \/>\n<meta name=\"twitter:card\" content=\"summary_large_image\" \/>\n<meta name=\"twitter:label1\" content=\"Escrito por\" \/>\n\t<meta name=\"twitter:data1\" content=\"Laura Lafuente\" \/>\n\t<meta name=\"twitter:label2\" content=\"Tiempo de lectura\" \/>\n\t<meta name=\"twitter:data2\" content=\"2 minutos\" \/>\n<script type=\"application\/ld+json\" class=\"yoast-schema-graph\">{\"@context\":\"https:\/\/schema.org\",\"@graph\":[{\"@type\":\"Article\",\"@id\":\"https:\/\/bitevol.es\/next\/luces-y-sombras-tele-trabajando-durante-el-covid-19\/#article\",\"isPartOf\":{\"@id\":\"https:\/\/bitevol.es\/next\/luces-y-sombras-tele-trabajando-durante-el-covid-19\/\"},\"author\":{\"name\":\"Laura Lafuente\",\"@id\":\"https:\/\/bitevol.es\/next\/#\/schema\/person\/502af5d287595392bc888d55199529fd\"},\"headline\":\"Luces y sombras tele-trabajando durante el COVID-19\",\"datePublished\":\"2020-03-27T09:37:31+00:00\",\"dateModified\":\"2020-03-27T09:46:36+00:00\",\"mainEntityOfPage\":{\"@id\":\"https:\/\/bitevol.es\/next\/luces-y-sombras-tele-trabajando-durante-el-covid-19\/\"},\"wordCount\":448,\"publisher\":{\"@id\":\"https:\/\/bitevol.es\/next\/#organization\"},\"image\":{\"@id\":\"https:\/\/bitevol.es\/next\/luces-y-sombras-tele-trabajando-durante-el-covid-19\/#primaryimage\"},\"thumbnailUrl\":\"https:\/\/bitevol.es\/next\/wp-content\/uploads\/2020\/03\/teletrabajo.jpg\",\"keywords\":[\"equipos\",\"oficina t\u00e9cnica\"],\"articleSection\":[\"Equipos\"],\"inLanguage\":\"es\"},{\"@type\":\"WebPage\",\"@id\":\"https:\/\/bitevol.es\/next\/luces-y-sombras-tele-trabajando-durante-el-covid-19\/\",\"url\":\"https:\/\/bitevol.es\/next\/luces-y-sombras-tele-trabajando-durante-el-covid-19\/\",\"name\":\"Luces y sombras tele-trabajando durante el COVID-19 - Blog de Bitevol\",\"isPartOf\":{\"@id\":\"https:\/\/bitevol.es\/next\/#website\"},\"primaryImageOfPage\":{\"@id\":\"https:\/\/bitevol.es\/next\/luces-y-sombras-tele-trabajando-durante-el-covid-19\/#primaryimage\"},\"image\":{\"@id\":\"https:\/\/bitevol.es\/next\/luces-y-sombras-tele-trabajando-durante-el-covid-19\/#primaryimage\"},\"thumbnailUrl\":\"https:\/\/bitevol.es\/next\/wp-content\/uploads\/2020\/03\/teletrabajo.jpg\",\"datePublished\":\"2020-03-27T09:37:31+00:00\",\"dateModified\":\"2020-03-27T09:46:36+00:00\",\"breadcrumb\":{\"@id\":\"https:\/\/bitevol.es\/next\/luces-y-sombras-tele-trabajando-durante-el-covid-19\/#breadcrumb\"},\"inLanguage\":\"es\",\"potentialAction\":[{\"@type\":\"ReadAction\",\"target\":[\"https:\/\/bitevol.es\/next\/luces-y-sombras-tele-trabajando-durante-el-covid-19\/\"]}]},{\"@type\":\"ImageObject\",\"inLanguage\":\"es\",\"@id\":\"https:\/\/bitevol.es\/next\/luces-y-sombras-tele-trabajando-durante-el-covid-19\/#primaryimage\",\"url\":\"https:\/\/bitevol.es\/next\/wp-content\/uploads\/2020\/03\/teletrabajo.jpg\",\"contentUrl\":\"https:\/\/bitevol.es\/next\/wp-content\/uploads\/2020\/03\/teletrabajo.jpg\",\"width\":640,\"height\":426},{\"@type\":\"BreadcrumbList\",\"@id\":\"https:\/\/bitevol.es\/next\/luces-y-sombras-tele-trabajando-durante-el-covid-19\/#breadcrumb\",\"itemListElement\":[{\"@type\":\"ListItem\",\"position\":1,\"name\":\"Portada\",\"item\":\"https:\/\/bitevol.es\/next\/\"},{\"@type\":\"ListItem\",\"position\":2,\"name\":\"Luces y sombras tele-trabajando durante el COVID-19\"}]},{\"@type\":\"WebSite\",\"@id\":\"https:\/\/bitevol.es\/next\/#website\",\"url\":\"https:\/\/bitevol.es\/next\/\",\"name\":\"Blog de Bitevol\",\"description\":\"Oxigena tu estrategia digital\",\"publisher\":{\"@id\":\"https:\/\/bitevol.es\/next\/#organization\"},\"potentialAction\":[{\"@type\":\"SearchAction\",\"target\":{\"@type\":\"EntryPoint\",\"urlTemplate\":\"https:\/\/bitevol.es\/next\/?s={search_term_string}\"},\"query-input\":{\"@type\":\"PropertyValueSpecification\",\"valueRequired\":true,\"valueName\":\"search_term_string\"}}],\"inLanguage\":\"es\"},{\"@type\":\"Organization\",\"@id\":\"https:\/\/bitevol.es\/next\/#organization\",\"name\":\"BitEvol\",\"url\":\"https:\/\/bitevol.es\/next\/\",\"logo\":{\"@type\":\"ImageObject\",\"inLanguage\":\"es\",\"@id\":\"https:\/\/bitevol.es\/next\/#\/schema\/logo\/image\/\",\"url\":\"https:\/\/bitevol.es\/next\/wp-content\/uploads\/2018\/06\/bitevol-01.png\",\"contentUrl\":\"https:\/\/bitevol.es\/next\/wp-content\/uploads\/2018\/06\/bitevol-01.png\",\"width\":781,\"height\":324,\"caption\":\"BitEvol\"},\"image\":{\"@id\":\"https:\/\/bitevol.es\/next\/#\/schema\/logo\/image\/\"}},{\"@type\":\"Person\",\"@id\":\"https:\/\/bitevol.es\/next\/#\/schema\/person\/502af5d287595392bc888d55199529fd\",\"name\":\"Laura Lafuente\",\"image\":{\"@type\":\"ImageObject\",\"inLanguage\":\"es\",\"@id\":\"https:\/\/secure.gravatar.com\/avatar\/dfaf8d23ae3a0de11f2611e861fe9865d7f60ef2288bc5f3453093bc94c4a0ae?s=96&d=mm&r=g\",\"url\":\"https:\/\/secure.gravatar.com\/avatar\/dfaf8d23ae3a0de11f2611e861fe9865d7f60ef2288bc5f3453093bc94c4a0ae?s=96&d=mm&r=g\",\"contentUrl\":\"https:\/\/secure.gravatar.com\/avatar\/dfaf8d23ae3a0de11f2611e861fe9865d7f60ef2288bc5f3453093bc94c4a0ae?s=96&d=mm&r=g\",\"caption\":\"Laura Lafuente\"},\"description\":\"Mente curiosa, periodista y comunicadora digital\",\"url\":\"https:\/\/bitevol.es\/next\/author\/laura-lafuente\/\"}]}<\/script>\n<!-- \/ Yoast SEO plugin. -->","yoast_head_json":{"title":"Luces y sombras tele-trabajando durante el COVID-19 - Blog de Bitevol","robots":{"index":"index","follow":"follow","max-snippet":"max-snippet:-1","max-image-preview":"max-image-preview:large","max-video-preview":"max-video-preview:-1"},"canonical":"https:\/\/bitevol.es\/next\/luces-y-sombras-tele-trabajando-durante-el-covid-19\/","og_locale":"es_ES","og_type":"article","og_title":"Luces y sombras tele-trabajando durante el COVID-19 - Blog de Bitevol","og_description":"Todav\u00eda no me he vuelto loca teletrabajando en la cuarentena por el COVID-19.","og_url":"https:\/\/bitevol.es\/next\/luces-y-sombras-tele-trabajando-durante-el-covid-19\/","og_site_name":"Blog de Bitevol","article_published_time":"2020-03-27T09:37:31+00:00","article_modified_time":"2020-03-27T09:46:36+00:00","og_image":[{"width":640,"height":426,"url":"https:\/\/bitevol.es\/next\/wp-content\/uploads\/2020\/03\/teletrabajo.jpg","type":"image\/jpeg"}],"author":"Laura Lafuente","twitter_card":"summary_large_image","twitter_misc":{"Escrito por":"Laura Lafuente","Tiempo de lectura":"2 minutos"},"schema":{"@context":"https:\/\/schema.org","@graph":[{"@type":"Article","@id":"https:\/\/bitevol.es\/next\/luces-y-sombras-tele-trabajando-durante-el-covid-19\/#article","isPartOf":{"@id":"https:\/\/bitevol.es\/next\/luces-y-sombras-tele-trabajando-durante-el-covid-19\/"},"author":{"name":"Laura Lafuente","@id":"https:\/\/bitevol.es\/next\/#\/schema\/person\/502af5d287595392bc888d55199529fd"},"headline":"Luces y sombras tele-trabajando durante el COVID-19","datePublished":"2020-03-27T09:37:31+00:00","dateModified":"2020-03-27T09:46:36+00:00","mainEntityOfPage":{"@id":"https:\/\/bitevol.es\/next\/luces-y-sombras-tele-trabajando-durante-el-covid-19\/"},"wordCount":448,"publisher":{"@id":"https:\/\/bitevol.es\/next\/#organization"},"image":{"@id":"https:\/\/bitevol.es\/next\/luces-y-sombras-tele-trabajando-durante-el-covid-19\/#primaryimage"},"thumbnailUrl":"https:\/\/bitevol.es\/next\/wp-content\/uploads\/2020\/03\/teletrabajo.jpg","keywords":["equipos","oficina t\u00e9cnica"],"articleSection":["Equipos"],"inLanguage":"es"},{"@type":"WebPage","@id":"https:\/\/bitevol.es\/next\/luces-y-sombras-tele-trabajando-durante-el-covid-19\/","url":"https:\/\/bitevol.es\/next\/luces-y-sombras-tele-trabajando-durante-el-covid-19\/","name":"Luces y sombras tele-trabajando durante el COVID-19 - Blog de Bitevol","isPartOf":{"@id":"https:\/\/bitevol.es\/next\/#website"},"primaryImageOfPage":{"@id":"https:\/\/bitevol.es\/next\/luces-y-sombras-tele-trabajando-durante-el-covid-19\/#primaryimage"},"image":{"@id":"https:\/\/bitevol.es\/next\/luces-y-sombras-tele-trabajando-durante-el-covid-19\/#primaryimage"},"thumbnailUrl":"https:\/\/bitevol.es\/next\/wp-content\/uploads\/2020\/03\/teletrabajo.jpg","datePublished":"2020-03-27T09:37:31+00:00","dateModified":"2020-03-27T09:46:36+00:00","breadcrumb":{"@id":"https:\/\/bitevol.es\/next\/luces-y-sombras-tele-trabajando-durante-el-covid-19\/#breadcrumb"},"inLanguage":"es","potentialAction":[{"@type":"ReadAction","target":["https:\/\/bitevol.es\/next\/luces-y-sombras-tele-trabajando-durante-el-covid-19\/"]}]},{"@type":"ImageObject","inLanguage":"es","@id":"https:\/\/bitevol.es\/next\/luces-y-sombras-tele-trabajando-durante-el-covid-19\/#primaryimage","url":"https:\/\/bitevol.es\/next\/wp-content\/uploads\/2020\/03\/teletrabajo.jpg","contentUrl":"https:\/\/bitevol.es\/next\/wp-content\/uploads\/2020\/03\/teletrabajo.jpg","width":640,"height":426},{"@type":"BreadcrumbList","@id":"https:\/\/bitevol.es\/next\/luces-y-sombras-tele-trabajando-durante-el-covid-19\/#breadcrumb","itemListElement":[{"@type":"ListItem","position":1,"name":"Portada","item":"https:\/\/bitevol.es\/next\/"},{"@type":"ListItem","position":2,"name":"Luces y sombras tele-trabajando durante el COVID-19"}]},{"@type":"WebSite","@id":"https:\/\/bitevol.es\/next\/#website","url":"https:\/\/bitevol.es\/next\/","name":"Blog de Bitevol","description":"Oxigena tu estrategia digital","publisher":{"@id":"https:\/\/bitevol.es\/next\/#organization"},"potentialAction":[{"@type":"SearchAction","target":{"@type":"EntryPoint","urlTemplate":"https:\/\/bitevol.es\/next\/?s={search_term_string}"},"query-input":{"@type":"PropertyValueSpecification","valueRequired":true,"valueName":"search_term_string"}}],"inLanguage":"es"},{"@type":"Organization","@id":"https:\/\/bitevol.es\/next\/#organization","name":"BitEvol","url":"https:\/\/bitevol.es\/next\/","logo":{"@type":"ImageObject","inLanguage":"es","@id":"https:\/\/bitevol.es\/next\/#\/schema\/logo\/image\/","url":"https:\/\/bitevol.es\/next\/wp-content\/uploads\/2018\/06\/bitevol-01.png","contentUrl":"https:\/\/bitevol.es\/next\/wp-content\/uploads\/2018\/06\/bitevol-01.png","width":781,"height":324,"caption":"BitEvol"},"image":{"@id":"https:\/\/bitevol.es\/next\/#\/schema\/logo\/image\/"}},{"@type":"Person","@id":"https:\/\/bitevol.es\/next\/#\/schema\/person\/502af5d287595392bc888d55199529fd","name":"Laura Lafuente","image":{"@type":"ImageObject","inLanguage":"es","@id":"https:\/\/secure.gravatar.com\/avatar\/dfaf8d23ae3a0de11f2611e861fe9865d7f60ef2288bc5f3453093bc94c4a0ae?s=96&d=mm&r=g","url":"https:\/\/secure.gravatar.com\/avatar\/dfaf8d23ae3a0de11f2611e861fe9865d7f60ef2288bc5f3453093bc94c4a0ae?s=96&d=mm&r=g","contentUrl":"https:\/\/secure.gravatar.com\/avatar\/dfaf8d23ae3a0de11f2611e861fe9865d7f60ef2288bc5f3453093bc94c4a0ae?s=96&d=mm&r=g","caption":"Laura Lafuente"},"description":"Mente curiosa, periodista y comunicadora digital","url":"https:\/\/bitevol.es\/next\/author\/laura-lafuente\/"}]}},"_links":{"self":[{"href":"https:\/\/bitevol.es\/next\/wp-json\/wp\/v2\/posts\/631","targetHints":{"allow":["GET"]}}],"collection":[{"href":"https:\/\/bitevol.es\/next\/wp-json\/wp\/v2\/posts"}],"about":[{"href":"https:\/\/bitevol.es\/next\/wp-json\/wp\/v2\/types\/post"}],"author":[{"embeddable":true,"href":"https:\/\/bitevol.es\/next\/wp-json\/wp\/v2\/users\/17"}],"replies":[{"embeddable":true,"href":"https:\/\/bitevol.es\/next\/wp-json\/wp\/v2\/comments?post=631"}],"version-history":[{"count":3,"href":"https:\/\/bitevol.es\/next\/wp-json\/wp\/v2\/posts\/631\/revisions"}],"predecessor-version":[{"id":635,"href":"https:\/\/bitevol.es\/next\/wp-json\/wp\/v2\/posts\/631\/revisions\/635"}],"wp:featuredmedia":[{"embeddable":true,"href":"https:\/\/bitevol.es\/next\/wp-json\/wp\/v2\/media\/632"}],"wp:attachment":[{"href":"https:\/\/bitevol.es\/next\/wp-json\/wp\/v2\/media?parent=631"}],"wp:term":[{"taxonomy":"category","embeddable":true,"href":"https:\/\/bitevol.es\/next\/wp-json\/wp\/v2\/categories?post=631"},{"taxonomy":"post_tag","embeddable":true,"href":"https:\/\/bitevol.es\/next\/wp-json\/wp\/v2\/tags?post=631"}],"curies":[{"name":"wp","href":"https:\/\/api.w.org\/{rel}","templated":true}]}}