
{"id":641,"date":"2020-04-12T15:50:44","date_gmt":"2020-04-12T15:50:44","guid":{"rendered":"https:\/\/bitevol.es\/blog\/?p=641"},"modified":"2020-04-12T18:38:10","modified_gmt":"2020-04-12T18:38:10","slug":"sanitarios-el-colectivo-elegido-para-el-cambio","status":"publish","type":"post","link":"https:\/\/bitevol.es\/next\/sanitarios-el-colectivo-elegido-para-el-cambio\/","title":{"rendered":"Sanitarios, el colectivo elegido para el cambio"},"content":{"rendered":"<p>Ni este pa\u00eds ni el mundo entero van a ser los mismos, es imposible que vuelvan a serlo.<\/p>\n<p>Siempre que una persona tosa a nuestro lado sentiremos miedo por el estigma que dej\u00f3 el Covid-19, que nos recordar\u00e1 lo vulnerables que somos a lo invisible.<\/p>\n<p>La experiencia vivida al ver morir a nuestros mayores, se convertir\u00e1 en miedo a la siguiente pandemia, a nuestra propia muerte y peor a\u00fan, miedo a poder ver morir a nuestros propios hijos.<\/p>\n<p>El miedo lo tendr\u00e1n tambi\u00e9n las empresas, los inversores, los gobiernos, a que la versi\u00f3n V0.2 del Covid-19, quiz\u00e1s m\u00e1s agresiva qui\u00e9n sabe, paralice m\u00e1s tiempo la econom\u00eda mundial.<\/p>\n<p>Y el miedo a lo desconocido, s\u00f3lo se combate con <a href=\"https:\/\/bitevol.es\/next\/la-venta-a-fuego-lento\/\">confiabilidad y confianza<\/a>.<\/p>\n<p>La confiabilidad y la confianza de los ciudadanos se repartir\u00e1 entre dos colectivos, los que gobiernan ahora y los que saben qu\u00e9 es necesario para hacer frente a una pandemia, es decir los sanitarios.<\/p>\n<p><strong>\u00bfQui\u00e9nes te transmiten m\u00e1s confiabilidad?.<\/strong><\/p>\n<p>Las personas que van a tomar las decisiones m\u00e1s importantes sobre nuestro ma\u00f1ana, a nivel de inversi\u00f3n y progreso, hoy no tocan micr\u00f3fonos ni ocupan atriles. Esas personas hoy est\u00e1n salvando las vidas que pueden, sin medios, en los hospitales de todo el mundo.<\/p>\n<p>Hoy los sanitarios bajan cada d\u00eda unas escaleras a lo m\u00e1s profundo del infierno, porque su c\u00f3digo les dicta que es su deber y as\u00ed lo sienten.<\/p>\n<p>Ma\u00f1ana, cuando el Covid-19 sea un fantasma, este colectivo seguir\u00e1 con la misma convicci\u00f3n y templanza, pero no bajando sino subiendo las escaleras del cambio del sistema sanitario mundial.<\/p>\n<p>Cueste lo que cueste, apoyados por toda la ciudadan\u00eda. Caiga quien caiga.<br \/>\nEl movimiento se demuestra andando y <strong>la confianza se gana actuando<\/strong>.<\/p>\n<p>Los sanitarios, sin saberlo, sin buscarlo, est\u00e1n ganando cada d\u00eda la confianza de:<\/p>\n<ul>\n<li>La tercera edad marcada por el terror.<\/li>\n<li>Padres temerosos a una nueva versi\u00f3n del virus, por sus hijos<\/li>\n<li>Empresarios, inversores que saben que la capacidad del sistema sanitario ser\u00e1 la clave para que no vuelva a paralizarse la econom\u00eda.<\/li>\n<li>J\u00f3venes ansiosos por cambiar el mundo.<\/li>\n<li>Etc<\/li>\n<\/ul>\n<p>\u00bfPor qu\u00e9? Porque s\u00f3lo ellos sabr\u00e1n calmar el miedo a la pr\u00f3xima pandemia y porque s\u00f3lo el sistema sanitario que ellos creen, ser\u00e1 el suficiente para sostener la salud y la econom\u00eda futuras.<\/p>\n<p><strong>\u00bfY hacia d\u00f3nde ir\u00e1 la decisi\u00f3n de los sanitarios?<\/strong><\/p>\n<ol>\n<li>Inversi\u00f3n real y suficiente en sanidad.<\/li>\n<li>Proyectos reales\/viables\/suficientes en sanidad.<\/li>\n<\/ol>\n<p>Los que ellos marquen, por encima de cualquier proyecto, por encima del PIB de cualquier pa\u00eds, por encima de cualquier gobierno.<\/p>\n<p>Los gobiernos actuales han sido arrollados por el Covid-19, la mayor\u00eda sin salvaci\u00f3n posible, porque han perdido la confianza de los sanitarios de manera irrecuperable. S\u00f3lo por eso.<\/p>\n<p>Y ser\u00e1n los sanitarios quienes elijan los siguientes, se\u00f1alando a aquellos en los que conf\u00eden.<\/p>\n<p>Hoy, las promesas pol\u00edticas est\u00e1n siendo sustituidas por el <strong>c\u00f3digo deontol\u00f3gico<\/strong> llevado a rajatabla.<\/p>\n<p>Al poco valor que pudiera quedarles a las corbatas, lo est\u00e1n sustituyendo las batas blancas y al del marketing pol\u00edtico lo sustituir\u00e1 la investigaci\u00f3n.<\/p>\n<blockquote><p>Vienen tiempos de cambio y la direcci\u00f3n m\u00e1s importante la marcar\u00e1n, sin duda, quienes han asistido a miles de enfermos y han despedido a miles de vidas, directamente, en tan poco tiempo y espacio f\u00edsico.<\/p>\n<p>Porque eso mismo les ha dado ya criterio por encima de cualquiera, y ma\u00f1ana les dar\u00e1 la fuerza necesaria, para no parar hacia la reforma sanitaria mundial.<\/p><\/blockquote>\n","protected":false},"excerpt":{"rendered":"<p>El mundo va a cambiar por miedo y la confianza en ellos marcar\u00e1 el camino<\/p>\n","protected":false},"author":13,"featured_media":646,"comment_status":"closed","ping_status":"closed","sticky":false,"template":"","format":"standard","meta":{"_acf_changed":false,"footnotes":""},"categories":[7],"tags":[8,12],"class_list":["post-641","post","type-post","status-publish","format-standard","has-post-thumbnail","hentry","category-cambio","tag-cambio","tag-venta-relacional"],"acf":[],"yoast_head":"<!-- This site is optimized with the Yoast SEO plugin v27.2 - https:\/\/yoast.com\/product\/yoast-seo-wordpress\/ -->\n<title>Sanitarios, el colectivo elegido para el cambio - Un post de Eduardo Andr\u00e9s<\/title>\n<meta name=\"description\" content=\"Vienen tiempos de cambio que s\u00f3lo quien conozca a los sanitarios profundamente, podr\u00e1 intuir hacia d\u00f3nde se dirigir\u00e1n. Pero se recorrer\u00e1 el camino en el que ellos conf\u00eden\" \/>\n<meta name=\"robots\" content=\"index, follow, max-snippet:-1, max-image-preview:large, max-video-preview:-1\" \/>\n<link rel=\"canonical\" href=\"https:\/\/bitevol.es\/next\/sanitarios-el-colectivo-elegido-para-el-cambio\/\" \/>\n<meta property=\"og:locale\" content=\"es_ES\" \/>\n<meta property=\"og:type\" content=\"article\" \/>\n<meta property=\"og:title\" content=\"Sanitarios, el colectivo elegido para el cambio - Un post de Eduardo Andr\u00e9s\" \/>\n<meta property=\"og:description\" content=\"Vienen tiempos de cambio que s\u00f3lo quien conozca a los sanitarios profundamente, podr\u00e1 intuir hacia d\u00f3nde se dirigir\u00e1n. Pero se recorrer\u00e1 el camino en el que ellos conf\u00eden\" \/>\n<meta property=\"og:url\" content=\"https:\/\/bitevol.es\/next\/sanitarios-el-colectivo-elegido-para-el-cambio\/\" \/>\n<meta property=\"og:site_name\" content=\"Blog de Bitevol\" \/>\n<meta property=\"article:published_time\" content=\"2020-04-12T15:50:44+00:00\" \/>\n<meta property=\"article:modified_time\" content=\"2020-04-12T18:38:10+00:00\" \/>\n<meta property=\"og:image\" content=\"https:\/\/bitevol.es\/next\/wp-content\/uploads\/2020\/04\/tiempos-de-cambio-sanitarios-covid-19.jpg\" \/>\n\t<meta property=\"og:image:width\" content=\"356\" \/>\n\t<meta property=\"og:image:height\" content=\"250\" \/>\n\t<meta property=\"og:image:type\" content=\"image\/jpeg\" \/>\n<meta name=\"author\" content=\"Eduardo Andr\u00e9s\" \/>\n<meta name=\"twitter:card\" content=\"summary_large_image\" \/>\n<meta name=\"twitter:label1\" content=\"Escrito por\" \/>\n\t<meta name=\"twitter:data1\" content=\"Eduardo Andr\u00e9s\" \/>\n\t<meta name=\"twitter:label2\" content=\"Tiempo de lectura\" \/>\n\t<meta name=\"twitter:data2\" content=\"3 minutos\" \/>\n<script type=\"application\/ld+json\" class=\"yoast-schema-graph\">{\"@context\":\"https:\/\/schema.org\",\"@graph\":[{\"@type\":\"Article\",\"@id\":\"https:\/\/bitevol.es\/next\/sanitarios-el-colectivo-elegido-para-el-cambio\/#article\",\"isPartOf\":{\"@id\":\"https:\/\/bitevol.es\/next\/sanitarios-el-colectivo-elegido-para-el-cambio\/\"},\"author\":{\"name\":\"Eduardo Andr\u00e9s\",\"@id\":\"https:\/\/bitevol.es\/next\/#\/schema\/person\/7836d4818f481bee6b115f8c55bedbb0\"},\"headline\":\"Sanitarios, el colectivo elegido para el cambio\",\"datePublished\":\"2020-04-12T15:50:44+00:00\",\"dateModified\":\"2020-04-12T18:38:10+00:00\",\"mainEntityOfPage\":{\"@id\":\"https:\/\/bitevol.es\/next\/sanitarios-el-colectivo-elegido-para-el-cambio\/\"},\"wordCount\":622,\"publisher\":{\"@id\":\"https:\/\/bitevol.es\/next\/#organization\"},\"image\":{\"@id\":\"https:\/\/bitevol.es\/next\/sanitarios-el-colectivo-elegido-para-el-cambio\/#primaryimage\"},\"thumbnailUrl\":\"https:\/\/bitevol.es\/next\/wp-content\/uploads\/2020\/04\/tiempos-de-cambio-sanitarios-covid-19.jpg\",\"keywords\":[\"cambio\",\"venta relacional\"],\"articleSection\":[\"Cambio\"],\"inLanguage\":\"es\"},{\"@type\":\"WebPage\",\"@id\":\"https:\/\/bitevol.es\/next\/sanitarios-el-colectivo-elegido-para-el-cambio\/\",\"url\":\"https:\/\/bitevol.es\/next\/sanitarios-el-colectivo-elegido-para-el-cambio\/\",\"name\":\"Sanitarios, el colectivo elegido para el cambio - Un post de Eduardo Andr\u00e9s\",\"isPartOf\":{\"@id\":\"https:\/\/bitevol.es\/next\/#website\"},\"primaryImageOfPage\":{\"@id\":\"https:\/\/bitevol.es\/next\/sanitarios-el-colectivo-elegido-para-el-cambio\/#primaryimage\"},\"image\":{\"@id\":\"https:\/\/bitevol.es\/next\/sanitarios-el-colectivo-elegido-para-el-cambio\/#primaryimage\"},\"thumbnailUrl\":\"https:\/\/bitevol.es\/next\/wp-content\/uploads\/2020\/04\/tiempos-de-cambio-sanitarios-covid-19.jpg\",\"datePublished\":\"2020-04-12T15:50:44+00:00\",\"dateModified\":\"2020-04-12T18:38:10+00:00\",\"description\":\"Vienen tiempos de cambio que s\u00f3lo quien conozca a los sanitarios profundamente, podr\u00e1 intuir hacia d\u00f3nde se dirigir\u00e1n. Pero se recorrer\u00e1 el camino en el que ellos conf\u00eden\",\"breadcrumb\":{\"@id\":\"https:\/\/bitevol.es\/next\/sanitarios-el-colectivo-elegido-para-el-cambio\/#breadcrumb\"},\"inLanguage\":\"es\",\"potentialAction\":[{\"@type\":\"ReadAction\",\"target\":[\"https:\/\/bitevol.es\/next\/sanitarios-el-colectivo-elegido-para-el-cambio\/\"]}]},{\"@type\":\"ImageObject\",\"inLanguage\":\"es\",\"@id\":\"https:\/\/bitevol.es\/next\/sanitarios-el-colectivo-elegido-para-el-cambio\/#primaryimage\",\"url\":\"https:\/\/bitevol.es\/next\/wp-content\/uploads\/2020\/04\/tiempos-de-cambio-sanitarios-covid-19.jpg\",\"contentUrl\":\"https:\/\/bitevol.es\/next\/wp-content\/uploads\/2020\/04\/tiempos-de-cambio-sanitarios-covid-19.jpg\",\"width\":356,\"height\":250,\"caption\":\"Tiempos de cambio - Sanitarios covid-19\"},{\"@type\":\"BreadcrumbList\",\"@id\":\"https:\/\/bitevol.es\/next\/sanitarios-el-colectivo-elegido-para-el-cambio\/#breadcrumb\",\"itemListElement\":[{\"@type\":\"ListItem\",\"position\":1,\"name\":\"Portada\",\"item\":\"https:\/\/bitevol.es\/next\/\"},{\"@type\":\"ListItem\",\"position\":2,\"name\":\"Sanitarios, el colectivo elegido para el cambio\"}]},{\"@type\":\"WebSite\",\"@id\":\"https:\/\/bitevol.es\/next\/#website\",\"url\":\"https:\/\/bitevol.es\/next\/\",\"name\":\"Blog de Bitevol\",\"description\":\"Oxigena tu estrategia digital\",\"publisher\":{\"@id\":\"https:\/\/bitevol.es\/next\/#organization\"},\"potentialAction\":[{\"@type\":\"SearchAction\",\"target\":{\"@type\":\"EntryPoint\",\"urlTemplate\":\"https:\/\/bitevol.es\/next\/?s={search_term_string}\"},\"query-input\":{\"@type\":\"PropertyValueSpecification\",\"valueRequired\":true,\"valueName\":\"search_term_string\"}}],\"inLanguage\":\"es\"},{\"@type\":\"Organization\",\"@id\":\"https:\/\/bitevol.es\/next\/#organization\",\"name\":\"BitEvol\",\"url\":\"https:\/\/bitevol.es\/next\/\",\"logo\":{\"@type\":\"ImageObject\",\"inLanguage\":\"es\",\"@id\":\"https:\/\/bitevol.es\/next\/#\/schema\/logo\/image\/\",\"url\":\"https:\/\/bitevol.es\/next\/wp-content\/uploads\/2018\/06\/bitevol-01.png\",\"contentUrl\":\"https:\/\/bitevol.es\/next\/wp-content\/uploads\/2018\/06\/bitevol-01.png\",\"width\":781,\"height\":324,\"caption\":\"BitEvol\"},\"image\":{\"@id\":\"https:\/\/bitevol.es\/next\/#\/schema\/logo\/image\/\"}},{\"@type\":\"Person\",\"@id\":\"https:\/\/bitevol.es\/next\/#\/schema\/person\/7836d4818f481bee6b115f8c55bedbb0\",\"name\":\"Eduardo Andr\u00e9s\",\"image\":{\"@type\":\"ImageObject\",\"inLanguage\":\"es\",\"@id\":\"https:\/\/secure.gravatar.com\/avatar\/1cdd7b6fb14f87e36ce38289b8c6bac0d18f6fee44f494aa052218292a1ea961?s=96&d=mm&r=g\",\"url\":\"https:\/\/secure.gravatar.com\/avatar\/1cdd7b6fb14f87e36ce38289b8c6bac0d18f6fee44f494aa052218292a1ea961?s=96&d=mm&r=g\",\"contentUrl\":\"https:\/\/secure.gravatar.com\/avatar\/1cdd7b6fb14f87e36ce38289b8c6bac0d18f6fee44f494aa052218292a1ea961?s=96&d=mm&r=g\",\"caption\":\"Eduardo Andr\u00e9s\"},\"description\":\"Producto reacondicionado con peque\u00f1as imperfecciones exteriores (arrugas) tras 20 a\u00f1os dedicado a la venta relacional. Actualmente en CLOBE, un proyecto dedicado al outsourcing comercial.\",\"url\":\"https:\/\/bitevol.es\/next\/author\/eduardoandresclobe\/\"}]}<\/script>\n<!-- \/ Yoast SEO plugin. -->","yoast_head_json":{"title":"Sanitarios, el colectivo elegido para el cambio - Un post de Eduardo Andr\u00e9s","description":"Vienen tiempos de cambio que s\u00f3lo quien conozca a los sanitarios profundamente, podr\u00e1 intuir hacia d\u00f3nde se dirigir\u00e1n. Pero se recorrer\u00e1 el camino en el que ellos conf\u00eden","robots":{"index":"index","follow":"follow","max-snippet":"max-snippet:-1","max-image-preview":"max-image-preview:large","max-video-preview":"max-video-preview:-1"},"canonical":"https:\/\/bitevol.es\/next\/sanitarios-el-colectivo-elegido-para-el-cambio\/","og_locale":"es_ES","og_type":"article","og_title":"Sanitarios, el colectivo elegido para el cambio - Un post de Eduardo Andr\u00e9s","og_description":"Vienen tiempos de cambio que s\u00f3lo quien conozca a los sanitarios profundamente, podr\u00e1 intuir hacia d\u00f3nde se dirigir\u00e1n. Pero se recorrer\u00e1 el camino en el que ellos conf\u00eden","og_url":"https:\/\/bitevol.es\/next\/sanitarios-el-colectivo-elegido-para-el-cambio\/","og_site_name":"Blog de Bitevol","article_published_time":"2020-04-12T15:50:44+00:00","article_modified_time":"2020-04-12T18:38:10+00:00","og_image":[{"width":356,"height":250,"url":"https:\/\/bitevol.es\/next\/wp-content\/uploads\/2020\/04\/tiempos-de-cambio-sanitarios-covid-19.jpg","type":"image\/jpeg"}],"author":"Eduardo Andr\u00e9s","twitter_card":"summary_large_image","twitter_misc":{"Escrito por":"Eduardo Andr\u00e9s","Tiempo de lectura":"3 minutos"},"schema":{"@context":"https:\/\/schema.org","@graph":[{"@type":"Article","@id":"https:\/\/bitevol.es\/next\/sanitarios-el-colectivo-elegido-para-el-cambio\/#article","isPartOf":{"@id":"https:\/\/bitevol.es\/next\/sanitarios-el-colectivo-elegido-para-el-cambio\/"},"author":{"name":"Eduardo Andr\u00e9s","@id":"https:\/\/bitevol.es\/next\/#\/schema\/person\/7836d4818f481bee6b115f8c55bedbb0"},"headline":"Sanitarios, el colectivo elegido para el cambio","datePublished":"2020-04-12T15:50:44+00:00","dateModified":"2020-04-12T18:38:10+00:00","mainEntityOfPage":{"@id":"https:\/\/bitevol.es\/next\/sanitarios-el-colectivo-elegido-para-el-cambio\/"},"wordCount":622,"publisher":{"@id":"https:\/\/bitevol.es\/next\/#organization"},"image":{"@id":"https:\/\/bitevol.es\/next\/sanitarios-el-colectivo-elegido-para-el-cambio\/#primaryimage"},"thumbnailUrl":"https:\/\/bitevol.es\/next\/wp-content\/uploads\/2020\/04\/tiempos-de-cambio-sanitarios-covid-19.jpg","keywords":["cambio","venta relacional"],"articleSection":["Cambio"],"inLanguage":"es"},{"@type":"WebPage","@id":"https:\/\/bitevol.es\/next\/sanitarios-el-colectivo-elegido-para-el-cambio\/","url":"https:\/\/bitevol.es\/next\/sanitarios-el-colectivo-elegido-para-el-cambio\/","name":"Sanitarios, el colectivo elegido para el cambio - Un post de Eduardo Andr\u00e9s","isPartOf":{"@id":"https:\/\/bitevol.es\/next\/#website"},"primaryImageOfPage":{"@id":"https:\/\/bitevol.es\/next\/sanitarios-el-colectivo-elegido-para-el-cambio\/#primaryimage"},"image":{"@id":"https:\/\/bitevol.es\/next\/sanitarios-el-colectivo-elegido-para-el-cambio\/#primaryimage"},"thumbnailUrl":"https:\/\/bitevol.es\/next\/wp-content\/uploads\/2020\/04\/tiempos-de-cambio-sanitarios-covid-19.jpg","datePublished":"2020-04-12T15:50:44+00:00","dateModified":"2020-04-12T18:38:10+00:00","description":"Vienen tiempos de cambio que s\u00f3lo quien conozca a los sanitarios profundamente, podr\u00e1 intuir hacia d\u00f3nde se dirigir\u00e1n. Pero se recorrer\u00e1 el camino en el que ellos conf\u00eden","breadcrumb":{"@id":"https:\/\/bitevol.es\/next\/sanitarios-el-colectivo-elegido-para-el-cambio\/#breadcrumb"},"inLanguage":"es","potentialAction":[{"@type":"ReadAction","target":["https:\/\/bitevol.es\/next\/sanitarios-el-colectivo-elegido-para-el-cambio\/"]}]},{"@type":"ImageObject","inLanguage":"es","@id":"https:\/\/bitevol.es\/next\/sanitarios-el-colectivo-elegido-para-el-cambio\/#primaryimage","url":"https:\/\/bitevol.es\/next\/wp-content\/uploads\/2020\/04\/tiempos-de-cambio-sanitarios-covid-19.jpg","contentUrl":"https:\/\/bitevol.es\/next\/wp-content\/uploads\/2020\/04\/tiempos-de-cambio-sanitarios-covid-19.jpg","width":356,"height":250,"caption":"Tiempos de cambio - Sanitarios covid-19"},{"@type":"BreadcrumbList","@id":"https:\/\/bitevol.es\/next\/sanitarios-el-colectivo-elegido-para-el-cambio\/#breadcrumb","itemListElement":[{"@type":"ListItem","position":1,"name":"Portada","item":"https:\/\/bitevol.es\/next\/"},{"@type":"ListItem","position":2,"name":"Sanitarios, el colectivo elegido para el cambio"}]},{"@type":"WebSite","@id":"https:\/\/bitevol.es\/next\/#website","url":"https:\/\/bitevol.es\/next\/","name":"Blog de Bitevol","description":"Oxigena tu estrategia digital","publisher":{"@id":"https:\/\/bitevol.es\/next\/#organization"},"potentialAction":[{"@type":"SearchAction","target":{"@type":"EntryPoint","urlTemplate":"https:\/\/bitevol.es\/next\/?s={search_term_string}"},"query-input":{"@type":"PropertyValueSpecification","valueRequired":true,"valueName":"search_term_string"}}],"inLanguage":"es"},{"@type":"Organization","@id":"https:\/\/bitevol.es\/next\/#organization","name":"BitEvol","url":"https:\/\/bitevol.es\/next\/","logo":{"@type":"ImageObject","inLanguage":"es","@id":"https:\/\/bitevol.es\/next\/#\/schema\/logo\/image\/","url":"https:\/\/bitevol.es\/next\/wp-content\/uploads\/2018\/06\/bitevol-01.png","contentUrl":"https:\/\/bitevol.es\/next\/wp-content\/uploads\/2018\/06\/bitevol-01.png","width":781,"height":324,"caption":"BitEvol"},"image":{"@id":"https:\/\/bitevol.es\/next\/#\/schema\/logo\/image\/"}},{"@type":"Person","@id":"https:\/\/bitevol.es\/next\/#\/schema\/person\/7836d4818f481bee6b115f8c55bedbb0","name":"Eduardo Andr\u00e9s","image":{"@type":"ImageObject","inLanguage":"es","@id":"https:\/\/secure.gravatar.com\/avatar\/1cdd7b6fb14f87e36ce38289b8c6bac0d18f6fee44f494aa052218292a1ea961?s=96&d=mm&r=g","url":"https:\/\/secure.gravatar.com\/avatar\/1cdd7b6fb14f87e36ce38289b8c6bac0d18f6fee44f494aa052218292a1ea961?s=96&d=mm&r=g","contentUrl":"https:\/\/secure.gravatar.com\/avatar\/1cdd7b6fb14f87e36ce38289b8c6bac0d18f6fee44f494aa052218292a1ea961?s=96&d=mm&r=g","caption":"Eduardo Andr\u00e9s"},"description":"Producto reacondicionado con peque\u00f1as imperfecciones exteriores (arrugas) tras 20 a\u00f1os dedicado a la venta relacional. Actualmente en CLOBE, un proyecto dedicado al outsourcing comercial.","url":"https:\/\/bitevol.es\/next\/author\/eduardoandresclobe\/"}]}},"_links":{"self":[{"href":"https:\/\/bitevol.es\/next\/wp-json\/wp\/v2\/posts\/641","targetHints":{"allow":["GET"]}}],"collection":[{"href":"https:\/\/bitevol.es\/next\/wp-json\/wp\/v2\/posts"}],"about":[{"href":"https:\/\/bitevol.es\/next\/wp-json\/wp\/v2\/types\/post"}],"author":[{"embeddable":true,"href":"https:\/\/bitevol.es\/next\/wp-json\/wp\/v2\/users\/13"}],"replies":[{"embeddable":true,"href":"https:\/\/bitevol.es\/next\/wp-json\/wp\/v2\/comments?post=641"}],"version-history":[{"count":7,"href":"https:\/\/bitevol.es\/next\/wp-json\/wp\/v2\/posts\/641\/revisions"}],"predecessor-version":[{"id":667,"href":"https:\/\/bitevol.es\/next\/wp-json\/wp\/v2\/posts\/641\/revisions\/667"}],"wp:featuredmedia":[{"embeddable":true,"href":"https:\/\/bitevol.es\/next\/wp-json\/wp\/v2\/media\/646"}],"wp:attachment":[{"href":"https:\/\/bitevol.es\/next\/wp-json\/wp\/v2\/media?parent=641"}],"wp:term":[{"taxonomy":"category","embeddable":true,"href":"https:\/\/bitevol.es\/next\/wp-json\/wp\/v2\/categories?post=641"},{"taxonomy":"post_tag","embeddable":true,"href":"https:\/\/bitevol.es\/next\/wp-json\/wp\/v2\/tags?post=641"}],"curies":[{"name":"wp","href":"https:\/\/api.w.org\/{rel}","templated":true}]}}