
{"id":708,"date":"2020-05-21T05:50:03","date_gmt":"2020-05-21T05:50:03","guid":{"rendered":"https:\/\/bitevol.es\/blog\/?p=708"},"modified":"2020-06-20T08:04:04","modified_gmt":"2020-06-20T08:04:04","slug":"y-ahora-que-hacemos","status":"publish","type":"post","link":"https:\/\/bitevol.es\/next\/y-ahora-que-hacemos\/","title":{"rendered":"Y ahora, \u00bfqu\u00e9 hacemos?"},"content":{"rendered":"\n<p>Si tuviera que elegir la frase m\u00e1s escuchada de los \u00faltimos dos meses ser\u00eda <strong>\u201cy ahora, \u00bfqu\u00e9 hacemos, mam\u00e1?\u201d<\/strong>. Los ni\u00f1os, a pesar de ser los que mejor se han adaptado a esta situaci\u00f3n pand\u00e9mica, necesitan cambiar de actividad cada 15 o 30 minutos. <\/p>\n\n\n\n<p>Por lo tanto, esa <strong>necesidad de saber qu\u00e9 hacer en su futuro<\/strong> m\u00e1s cercano se ha repetido una y otra vez en su cerebro de 3 a\u00f1os. Y no es el \u00fanico, creo que todos estamos igual.<\/p>\n\n\n\n<p><strong>Necesitamos respuestas que nadie nos puede dar<\/strong>. Las empresas que pueden o tienen iniciativa se est\u00e1n reinventando, pero muchos otros tienen que seguir adelante su actividad como hasta ahora. Sin embargo, la incertidumbre est\u00e1 ah\u00ed para todos, como una sombra que nos acecha y que no sabemos c\u00f3mo va afectar econ\u00f3micamente a nuestro trabajo, a nuestro proveedor, a nuestro mejor cliente.<\/p>\n\n\n\n<p>L\u00f3gicamente la salud ante todo, pero justo despu\u00e9s viene nuestra familia, nuestro futuro. Y lo \u00fanico claro que tenemos es que necesitamos ingresos para ello, y entonces la pregunta de <strong>\u201cy ahora, \u00bfqu\u00e9 hacemos?\u201d resuena en nuestra cabeza<\/strong> como un eco que parece que no se va a marchar jam\u00e1s.<\/p>\n\n\n\n<h2 class=\"wp-block-heading\">El momento de hacer las cosas mejor<\/h2>\n\n\n\n<p>Pero lo har\u00e1, no vamos a estar as\u00ed eternamente. Puede que no sea una normalidad 100% a la que hab\u00edamos vivido hasta ahora, pero despu\u00e9s ser\u00e1 nuestro d\u00eda a d\u00eda y <strong>el \u201cantes\u201d ser\u00e1 la \u00e9poca en la que no hac\u00edamos las cosas del todo bien<\/strong>.<\/p>\n\n\n\n<p>Podemos echar la culpa al Gobierno, podemos quejarnos de que muchas empresas no han hecho las cosas bien, podemos seguir lament\u00e1ndonos cada d\u00eda o podemos recapacitar. <strong><a href=\"https:\/\/bitevol.es\/next\/digitalizarse-para-sobrevivir\/\">\u00bfQui\u00e9n ha dicho que ahora no es el momento de cambiar?<\/a><\/strong> <\/p>\n\n\n\n<blockquote class=\"wp-block-quote is-layout-flow wp-block-quote-is-layout-flow\"><p> Ahora m\u00e1s que nunca es la oportunidad de hacer las cosas mejor, de cambiar lo que no nos gusta y de luchar por c\u00f3mo queremos nuestro futuro. <\/p><p><\/p><\/blockquote>\n\n\n\n<p>Nadie ha dicho que sea f\u00e1cil. Para ello quiz\u00e1 tendr\u00e1s que enfrentarte a tu jefe y decirle c\u00f3mo te gustar\u00eda trabajar. Igual debes arriesgarte y montar ese negocio online con el que siempre has so\u00f1ado. Puede que tu producto tal y como lo ofrec\u00edas al cliente no te lo pueda comprar ahora, pero si le das una vuelta, puede que des con <strong>la idea perfecta para ese futuro que ahora lo ves tan incierto.<\/strong><\/p>\n\n\n\n<h2 class=\"wp-block-heading\">Teletrabajar y no\nmorir en el intento<\/h2>\n\n\n\n<p>Bueno, y con el teletrabajo \u00bfqu\u00e9 hacemos? Porque aqu\u00ed nos han mandado a la guerra sin casco y <strong>no sabemos si caeremos o saldremos de esta con alguna lesi\u00f3n<\/strong>. Es decir, en un pa\u00eds donde la cultura del teletrabajo es m\u00e1s bien p\u00e9sima, nos hemos tenido que adaptar a una realidad en la que podemos estar en casa, pero sin conciliar.<\/p>\n\n\n\n<p>Muchos aut\u00f3nomos o muchos\nfreelance sab\u00edan de sobra qu\u00e9 era esto del teletrabajo, pero la gran mayor\u00eda de\nespa\u00f1oles no. Y en mitad de una pandemia, han tenido que librar esta batalla\ndonde la picaresca espa\u00f1ola ha repartido golpes en ambos bandos.<\/p>\n\n\n\n<p>Por un lado, trabajadores que cre\u00edan que podr\u00edan \u201ccol\u00e1rsela\u201d a la empresa trabajando menos y en pijama. Por otro, jefes que creen que estar en casa te da derecho a estar 24 horas disponible a atender sus llamadas o correos de lunes a domingo. No, por favor, eso no es teletrabajo, eso es desconfianza. Y creo que todos nos hemos dado cuenta de que <strong>teletrabajo<\/strong>,<strong> conciliaci\u00f3n y productividad pueden ser los ganadores <\/strong>si ambas partes deciden hacer las cosas BIEN.<\/p>\n\n\n\n<p>Hay que reconocer que este modo\nde teletrabajo no era la utop\u00eda que todos ten\u00edamos en mente. Hemos\/estamos\nlidiando con nuestra jornada de 8 horas, con ni\u00f1os en casa, haciendo de\nprofesores y dando nuestro 200% para que todo siga adelante. Pero esta lecci\u00f3n\nque nos ha dado la vida, ha servido para demostrar que el teletrabajo es\nposible y beneficioso para todos.<\/p>\n\n\n\n<blockquote class=\"wp-block-quote is-layout-flow wp-block-quote-is-layout-flow\"><p>Ahora no es el panorama ideal, pero lo ser\u00e1.<\/p><\/blockquote>\n\n\n\n<h2 class=\"wp-block-heading\">Dise\u00f1a tu futuro hoy<\/h2>\n\n\n\n<p>Y aqu\u00ed estamos, volviendo a lo m\u00e1s parecido a lo que llam\u00e1bamos rutina. Pero el tiempo va pasando y <strong>solo est\u00e1 en tu mano decidir c\u00f3mo quieres que sea ese futuro cercano<\/strong>. Como empresa, invertir en aquellos cambios que se adapten a esta nueva realidad donde la pandemia va a ser todav\u00eda un gran halo en el que nos vamos a seguir viendo envueltos.<\/p>\n\n\n\n<p>Como trabajador, decide si este es el modo en el que te gusta trabajar o es el momento de cambiar. El teletrabajo s\u00ed es posible, solo se necesita <strong>organizaci\u00f3n, confianza y buena comunicaci\u00f3n en tu empresa<\/strong>.<\/p>\n\n\n\n<p>Entonces, \u00bfqu\u00e9 hacemos? Pues como siempre, seguir hacia delante, resistir un poco m\u00e1s y mientras, <strong>ir dise\u00f1ando c\u00f3mo queremos nuestro futuro<\/strong>.<\/p>\n","protected":false},"excerpt":{"rendered":"<p>Otra de las consecuencias del COVID-19 es la incertidumbre. Pero, \u00bfy si aprovechamos este tiempo para reflexionar, cambiar y mejorar?<\/p>\n","protected":false},"author":10,"featured_media":709,"comment_status":"closed","ping_status":"closed","sticky":false,"template":"","format":"standard","meta":{"_acf_changed":false,"footnotes":""},"categories":[1],"tags":[8,15],"class_list":["post-708","post","type-post","status-publish","format-standard","has-post-thumbnail","hentry","category-negocio-digital","tag-cambio","tag-negocio-digital"],"acf":[],"yoast_head":"<!-- This site is optimized with the Yoast SEO plugin v27.2 - https:\/\/yoast.com\/product\/yoast-seo-wordpress\/ -->\n<title>Y ahora, \u00bfqu\u00e9 hacemos? | Por Laura Crusellas para el Blog de Bitevol<\/title>\n<meta name=\"description\" content=\"La incertidumbre es otra m\u00e1s de las consecuencias del COVID-19, pero hay que aprovechar este tiempo para reflexionar, cambiar y mejorar\" \/>\n<meta name=\"robots\" content=\"index, follow, max-snippet:-1, max-image-preview:large, max-video-preview:-1\" \/>\n<link rel=\"canonical\" href=\"https:\/\/bitevol.es\/next\/y-ahora-que-hacemos\/\" \/>\n<meta property=\"og:locale\" content=\"es_ES\" \/>\n<meta property=\"og:type\" content=\"article\" \/>\n<meta property=\"og:title\" content=\"Y ahora, \u00bfqu\u00e9 hacemos? | Por Laura Crusellas para el Blog de Bitevol\" \/>\n<meta property=\"og:description\" content=\"La incertidumbre es otra m\u00e1s de las consecuencias del COVID-19, pero hay que aprovechar este tiempo para reflexionar, cambiar y mejorar\" \/>\n<meta property=\"og:url\" content=\"https:\/\/bitevol.es\/next\/y-ahora-que-hacemos\/\" \/>\n<meta property=\"og:site_name\" content=\"Blog de Bitevol\" \/>\n<meta property=\"article:published_time\" content=\"2020-05-21T05:50:03+00:00\" \/>\n<meta property=\"article:modified_time\" content=\"2020-06-20T08:04:04+00:00\" \/>\n<meta property=\"og:image\" content=\"https:\/\/bitevol.es\/next\/wp-content\/uploads\/2020\/05\/Y-ahora-que-hacemos.jpg\" \/>\n\t<meta property=\"og:image:width\" content=\"356\" \/>\n\t<meta property=\"og:image:height\" content=\"250\" \/>\n\t<meta property=\"og:image:type\" content=\"image\/jpeg\" \/>\n<meta name=\"author\" content=\"Laura Crusellas\" \/>\n<meta name=\"twitter:card\" content=\"summary_large_image\" \/>\n<meta name=\"twitter:label1\" content=\"Escrito por\" \/>\n\t<meta name=\"twitter:data1\" content=\"Laura Crusellas\" \/>\n\t<meta name=\"twitter:label2\" content=\"Tiempo de lectura\" \/>\n\t<meta name=\"twitter:data2\" content=\"4 minutos\" \/>\n<script type=\"application\/ld+json\" class=\"yoast-schema-graph\">{\"@context\":\"https:\/\/schema.org\",\"@graph\":[{\"@type\":\"Article\",\"@id\":\"https:\/\/bitevol.es\/next\/y-ahora-que-hacemos\/#article\",\"isPartOf\":{\"@id\":\"https:\/\/bitevol.es\/next\/y-ahora-que-hacemos\/\"},\"author\":{\"name\":\"Laura Crusellas\",\"@id\":\"https:\/\/bitevol.es\/next\/#\/schema\/person\/9ec26568024c04c2ba2c35b4a2fb2ce7\"},\"headline\":\"Y ahora, \u00bfqu\u00e9 hacemos?\",\"datePublished\":\"2020-05-21T05:50:03+00:00\",\"dateModified\":\"2020-06-20T08:04:04+00:00\",\"mainEntityOfPage\":{\"@id\":\"https:\/\/bitevol.es\/next\/y-ahora-que-hacemos\/\"},\"wordCount\":824,\"publisher\":{\"@id\":\"https:\/\/bitevol.es\/next\/#organization\"},\"image\":{\"@id\":\"https:\/\/bitevol.es\/next\/y-ahora-que-hacemos\/#primaryimage\"},\"thumbnailUrl\":\"https:\/\/bitevol.es\/next\/wp-content\/uploads\/2020\/05\/Y-ahora-que-hacemos.jpg\",\"keywords\":[\"cambio\",\"negocio-digital\"],\"articleSection\":[\"Negocio digital\"],\"inLanguage\":\"es\"},{\"@type\":\"WebPage\",\"@id\":\"https:\/\/bitevol.es\/next\/y-ahora-que-hacemos\/\",\"url\":\"https:\/\/bitevol.es\/next\/y-ahora-que-hacemos\/\",\"name\":\"Y ahora, \u00bfqu\u00e9 hacemos? | Por Laura Crusellas para el Blog de Bitevol\",\"isPartOf\":{\"@id\":\"https:\/\/bitevol.es\/next\/#website\"},\"primaryImageOfPage\":{\"@id\":\"https:\/\/bitevol.es\/next\/y-ahora-que-hacemos\/#primaryimage\"},\"image\":{\"@id\":\"https:\/\/bitevol.es\/next\/y-ahora-que-hacemos\/#primaryimage\"},\"thumbnailUrl\":\"https:\/\/bitevol.es\/next\/wp-content\/uploads\/2020\/05\/Y-ahora-que-hacemos.jpg\",\"datePublished\":\"2020-05-21T05:50:03+00:00\",\"dateModified\":\"2020-06-20T08:04:04+00:00\",\"description\":\"La incertidumbre es otra m\u00e1s de las consecuencias del COVID-19, pero hay que aprovechar este tiempo para reflexionar, cambiar y mejorar\",\"breadcrumb\":{\"@id\":\"https:\/\/bitevol.es\/next\/y-ahora-que-hacemos\/#breadcrumb\"},\"inLanguage\":\"es\",\"potentialAction\":[{\"@type\":\"ReadAction\",\"target\":[\"https:\/\/bitevol.es\/next\/y-ahora-que-hacemos\/\"]}]},{\"@type\":\"ImageObject\",\"inLanguage\":\"es\",\"@id\":\"https:\/\/bitevol.es\/next\/y-ahora-que-hacemos\/#primaryimage\",\"url\":\"https:\/\/bitevol.es\/next\/wp-content\/uploads\/2020\/05\/Y-ahora-que-hacemos.jpg\",\"contentUrl\":\"https:\/\/bitevol.es\/next\/wp-content\/uploads\/2020\/05\/Y-ahora-que-hacemos.jpg\",\"width\":356,\"height\":250,\"caption\":\"Y ahora que hacemos\"},{\"@type\":\"BreadcrumbList\",\"@id\":\"https:\/\/bitevol.es\/next\/y-ahora-que-hacemos\/#breadcrumb\",\"itemListElement\":[{\"@type\":\"ListItem\",\"position\":1,\"name\":\"Portada\",\"item\":\"https:\/\/bitevol.es\/next\/\"},{\"@type\":\"ListItem\",\"position\":2,\"name\":\"Y ahora, \u00bfqu\u00e9 hacemos?\"}]},{\"@type\":\"WebSite\",\"@id\":\"https:\/\/bitevol.es\/next\/#website\",\"url\":\"https:\/\/bitevol.es\/next\/\",\"name\":\"Blog de Bitevol\",\"description\":\"Oxigena tu estrategia digital\",\"publisher\":{\"@id\":\"https:\/\/bitevol.es\/next\/#organization\"},\"potentialAction\":[{\"@type\":\"SearchAction\",\"target\":{\"@type\":\"EntryPoint\",\"urlTemplate\":\"https:\/\/bitevol.es\/next\/?s={search_term_string}\"},\"query-input\":{\"@type\":\"PropertyValueSpecification\",\"valueRequired\":true,\"valueName\":\"search_term_string\"}}],\"inLanguage\":\"es\"},{\"@type\":\"Organization\",\"@id\":\"https:\/\/bitevol.es\/next\/#organization\",\"name\":\"BitEvol\",\"url\":\"https:\/\/bitevol.es\/next\/\",\"logo\":{\"@type\":\"ImageObject\",\"inLanguage\":\"es\",\"@id\":\"https:\/\/bitevol.es\/next\/#\/schema\/logo\/image\/\",\"url\":\"https:\/\/bitevol.es\/next\/wp-content\/uploads\/2018\/06\/bitevol-01.png\",\"contentUrl\":\"https:\/\/bitevol.es\/next\/wp-content\/uploads\/2018\/06\/bitevol-01.png\",\"width\":781,\"height\":324,\"caption\":\"BitEvol\"},\"image\":{\"@id\":\"https:\/\/bitevol.es\/next\/#\/schema\/logo\/image\/\"}},{\"@type\":\"Person\",\"@id\":\"https:\/\/bitevol.es\/next\/#\/schema\/person\/9ec26568024c04c2ba2c35b4a2fb2ce7\",\"name\":\"Laura Crusellas\",\"image\":{\"@type\":\"ImageObject\",\"inLanguage\":\"es\",\"@id\":\"https:\/\/secure.gravatar.com\/avatar\/e2771eb7de60f524efb19caf1f8f4aff4e2eec04623582d33dbfdc044f4b1db3?s=96&d=mm&r=g\",\"url\":\"https:\/\/secure.gravatar.com\/avatar\/e2771eb7de60f524efb19caf1f8f4aff4e2eec04623582d33dbfdc044f4b1db3?s=96&d=mm&r=g\",\"contentUrl\":\"https:\/\/secure.gravatar.com\/avatar\/e2771eb7de60f524efb19caf1f8f4aff4e2eec04623582d33dbfdc044f4b1db3?s=96&d=mm&r=g\",\"caption\":\"Laura Crusellas\"},\"description\":\"Soy periodista y apasionada del Marketing Digital. He trabajado en radio, TV y desde 2013 el entorno 2.0.\",\"url\":\"https:\/\/bitevol.es\/next\/author\/laura-crusellasgmail-com\/\"}]}<\/script>\n<!-- \/ Yoast SEO plugin. -->","yoast_head_json":{"title":"Y ahora, \u00bfqu\u00e9 hacemos? | Por Laura Crusellas para el Blog de Bitevol","description":"La incertidumbre es otra m\u00e1s de las consecuencias del COVID-19, pero hay que aprovechar este tiempo para reflexionar, cambiar y mejorar","robots":{"index":"index","follow":"follow","max-snippet":"max-snippet:-1","max-image-preview":"max-image-preview:large","max-video-preview":"max-video-preview:-1"},"canonical":"https:\/\/bitevol.es\/next\/y-ahora-que-hacemos\/","og_locale":"es_ES","og_type":"article","og_title":"Y ahora, \u00bfqu\u00e9 hacemos? | Por Laura Crusellas para el Blog de Bitevol","og_description":"La incertidumbre es otra m\u00e1s de las consecuencias del COVID-19, pero hay que aprovechar este tiempo para reflexionar, cambiar y mejorar","og_url":"https:\/\/bitevol.es\/next\/y-ahora-que-hacemos\/","og_site_name":"Blog de Bitevol","article_published_time":"2020-05-21T05:50:03+00:00","article_modified_time":"2020-06-20T08:04:04+00:00","og_image":[{"width":356,"height":250,"url":"https:\/\/bitevol.es\/next\/wp-content\/uploads\/2020\/05\/Y-ahora-que-hacemos.jpg","type":"image\/jpeg"}],"author":"Laura Crusellas","twitter_card":"summary_large_image","twitter_misc":{"Escrito por":"Laura Crusellas","Tiempo de lectura":"4 minutos"},"schema":{"@context":"https:\/\/schema.org","@graph":[{"@type":"Article","@id":"https:\/\/bitevol.es\/next\/y-ahora-que-hacemos\/#article","isPartOf":{"@id":"https:\/\/bitevol.es\/next\/y-ahora-que-hacemos\/"},"author":{"name":"Laura Crusellas","@id":"https:\/\/bitevol.es\/next\/#\/schema\/person\/9ec26568024c04c2ba2c35b4a2fb2ce7"},"headline":"Y ahora, \u00bfqu\u00e9 hacemos?","datePublished":"2020-05-21T05:50:03+00:00","dateModified":"2020-06-20T08:04:04+00:00","mainEntityOfPage":{"@id":"https:\/\/bitevol.es\/next\/y-ahora-que-hacemos\/"},"wordCount":824,"publisher":{"@id":"https:\/\/bitevol.es\/next\/#organization"},"image":{"@id":"https:\/\/bitevol.es\/next\/y-ahora-que-hacemos\/#primaryimage"},"thumbnailUrl":"https:\/\/bitevol.es\/next\/wp-content\/uploads\/2020\/05\/Y-ahora-que-hacemos.jpg","keywords":["cambio","negocio-digital"],"articleSection":["Negocio digital"],"inLanguage":"es"},{"@type":"WebPage","@id":"https:\/\/bitevol.es\/next\/y-ahora-que-hacemos\/","url":"https:\/\/bitevol.es\/next\/y-ahora-que-hacemos\/","name":"Y ahora, \u00bfqu\u00e9 hacemos? | Por Laura Crusellas para el Blog de Bitevol","isPartOf":{"@id":"https:\/\/bitevol.es\/next\/#website"},"primaryImageOfPage":{"@id":"https:\/\/bitevol.es\/next\/y-ahora-que-hacemos\/#primaryimage"},"image":{"@id":"https:\/\/bitevol.es\/next\/y-ahora-que-hacemos\/#primaryimage"},"thumbnailUrl":"https:\/\/bitevol.es\/next\/wp-content\/uploads\/2020\/05\/Y-ahora-que-hacemos.jpg","datePublished":"2020-05-21T05:50:03+00:00","dateModified":"2020-06-20T08:04:04+00:00","description":"La incertidumbre es otra m\u00e1s de las consecuencias del COVID-19, pero hay que aprovechar este tiempo para reflexionar, cambiar y mejorar","breadcrumb":{"@id":"https:\/\/bitevol.es\/next\/y-ahora-que-hacemos\/#breadcrumb"},"inLanguage":"es","potentialAction":[{"@type":"ReadAction","target":["https:\/\/bitevol.es\/next\/y-ahora-que-hacemos\/"]}]},{"@type":"ImageObject","inLanguage":"es","@id":"https:\/\/bitevol.es\/next\/y-ahora-que-hacemos\/#primaryimage","url":"https:\/\/bitevol.es\/next\/wp-content\/uploads\/2020\/05\/Y-ahora-que-hacemos.jpg","contentUrl":"https:\/\/bitevol.es\/next\/wp-content\/uploads\/2020\/05\/Y-ahora-que-hacemos.jpg","width":356,"height":250,"caption":"Y ahora que hacemos"},{"@type":"BreadcrumbList","@id":"https:\/\/bitevol.es\/next\/y-ahora-que-hacemos\/#breadcrumb","itemListElement":[{"@type":"ListItem","position":1,"name":"Portada","item":"https:\/\/bitevol.es\/next\/"},{"@type":"ListItem","position":2,"name":"Y ahora, \u00bfqu\u00e9 hacemos?"}]},{"@type":"WebSite","@id":"https:\/\/bitevol.es\/next\/#website","url":"https:\/\/bitevol.es\/next\/","name":"Blog de Bitevol","description":"Oxigena tu estrategia digital","publisher":{"@id":"https:\/\/bitevol.es\/next\/#organization"},"potentialAction":[{"@type":"SearchAction","target":{"@type":"EntryPoint","urlTemplate":"https:\/\/bitevol.es\/next\/?s={search_term_string}"},"query-input":{"@type":"PropertyValueSpecification","valueRequired":true,"valueName":"search_term_string"}}],"inLanguage":"es"},{"@type":"Organization","@id":"https:\/\/bitevol.es\/next\/#organization","name":"BitEvol","url":"https:\/\/bitevol.es\/next\/","logo":{"@type":"ImageObject","inLanguage":"es","@id":"https:\/\/bitevol.es\/next\/#\/schema\/logo\/image\/","url":"https:\/\/bitevol.es\/next\/wp-content\/uploads\/2018\/06\/bitevol-01.png","contentUrl":"https:\/\/bitevol.es\/next\/wp-content\/uploads\/2018\/06\/bitevol-01.png","width":781,"height":324,"caption":"BitEvol"},"image":{"@id":"https:\/\/bitevol.es\/next\/#\/schema\/logo\/image\/"}},{"@type":"Person","@id":"https:\/\/bitevol.es\/next\/#\/schema\/person\/9ec26568024c04c2ba2c35b4a2fb2ce7","name":"Laura Crusellas","image":{"@type":"ImageObject","inLanguage":"es","@id":"https:\/\/secure.gravatar.com\/avatar\/e2771eb7de60f524efb19caf1f8f4aff4e2eec04623582d33dbfdc044f4b1db3?s=96&d=mm&r=g","url":"https:\/\/secure.gravatar.com\/avatar\/e2771eb7de60f524efb19caf1f8f4aff4e2eec04623582d33dbfdc044f4b1db3?s=96&d=mm&r=g","contentUrl":"https:\/\/secure.gravatar.com\/avatar\/e2771eb7de60f524efb19caf1f8f4aff4e2eec04623582d33dbfdc044f4b1db3?s=96&d=mm&r=g","caption":"Laura Crusellas"},"description":"Soy periodista y apasionada del Marketing Digital. He trabajado en radio, TV y desde 2013 el entorno 2.0.","url":"https:\/\/bitevol.es\/next\/author\/laura-crusellasgmail-com\/"}]}},"_links":{"self":[{"href":"https:\/\/bitevol.es\/next\/wp-json\/wp\/v2\/posts\/708","targetHints":{"allow":["GET"]}}],"collection":[{"href":"https:\/\/bitevol.es\/next\/wp-json\/wp\/v2\/posts"}],"about":[{"href":"https:\/\/bitevol.es\/next\/wp-json\/wp\/v2\/types\/post"}],"author":[{"embeddable":true,"href":"https:\/\/bitevol.es\/next\/wp-json\/wp\/v2\/users\/10"}],"replies":[{"embeddable":true,"href":"https:\/\/bitevol.es\/next\/wp-json\/wp\/v2\/comments?post=708"}],"version-history":[{"count":3,"href":"https:\/\/bitevol.es\/next\/wp-json\/wp\/v2\/posts\/708\/revisions"}],"predecessor-version":[{"id":713,"href":"https:\/\/bitevol.es\/next\/wp-json\/wp\/v2\/posts\/708\/revisions\/713"}],"wp:featuredmedia":[{"embeddable":true,"href":"https:\/\/bitevol.es\/next\/wp-json\/wp\/v2\/media\/709"}],"wp:attachment":[{"href":"https:\/\/bitevol.es\/next\/wp-json\/wp\/v2\/media?parent=708"}],"wp:term":[{"taxonomy":"category","embeddable":true,"href":"https:\/\/bitevol.es\/next\/wp-json\/wp\/v2\/categories?post=708"},{"taxonomy":"post_tag","embeddable":true,"href":"https:\/\/bitevol.es\/next\/wp-json\/wp\/v2\/tags?post=708"}],"curies":[{"name":"wp","href":"https:\/\/api.w.org\/{rel}","templated":true}]}}