
{"id":777,"date":"2020-09-28T12:15:41","date_gmt":"2020-09-28T12:15:41","guid":{"rendered":"https:\/\/bitevol.es\/blog\/?p=777"},"modified":"2020-09-28T12:17:22","modified_gmt":"2020-09-28T12:17:22","slug":"estas-preparado-para-ser-rechazado","status":"publish","type":"post","link":"https:\/\/bitevol.es\/next\/estas-preparado-para-ser-rechazado\/","title":{"rendered":"\u00bfEst\u00e1s preparado para ser rechazado?"},"content":{"rendered":"\n<p>Desde peque\u00f1os nos han preparado para ganar, para superarnos, para conseguir todo lo que nos propongamos\u2026 Padres, profesores o la sociedad en general nos motivan para ser los mejores, pero<strong> \u00bfqui\u00e9n nos prepara para el rechazo?<\/strong> <strong>Cu\u00e1ndo nos convertimos en adultos y somos maduros, \u00bfsabemos aceptar un \u201cno\u201d por respuesta?<\/strong><\/p>\n\n\n\n<h2 class=\"wp-block-heading\">El rechazo a ser contratado<\/h2>\n\n\n\n<p>Da igual al sector profesional al que te dediques, si hay algo que todos tenemos en com\u00fan es que<strong> alguna vez en nuestra vida hemos tenido que buscar trabajo<\/strong>. Para algunos ha sido m\u00e1s f\u00e1cil, ya que hay personas que llevan en la misma empresa desde casi sus inicios. <\/p>\n\n\n\n<p>Pero muchas otras personas hemos querido trabajar en un panorama que no acompa\u00f1aba: paro, puestos mal pagados, pocas ofertas y mucha demanda\u2026 Y claro, cada uno<strong> nos hemos encontrado con respuestas de todo tipo en nuestras postulaciones<\/strong>, diferentes, pero al fin y al cabo, rechazos.<\/p>\n\n\n\n<p>\u201cNo tienes experiencia\u201d, \u201cest\u00e1s sobrecualificada\u201d, \u201ces que eres madre y tienes ahora otras responsabilidades\u201d\u2026 S\u00ed, estas son algunas de las frases que me han dicho en los \u00faltimos 15 a\u00f1os. L\u00f3gicamente, la de <strong>no tener experiencia es algo que hemos experimentados todos<\/strong>, en la mayor\u00eda de casos porque es que realmente no ten\u00edamos la experiencia necesaria.<\/p>\n\n\n\n<p><strong>Que te rechacen en un trabajo por estar \u201csobrecualificado\u201d, ah\u00ed ya duele un poquito m\u00e1s.<\/strong> No sabes si te han dicho que no por hacerte un favor o porque es una forma diplom\u00e1tica de no admitirte. En este tipo de rechazo siempre pensamos: \u201c\u00bfquieren decir que el puesto que ofrecen pagan tan poco que consideran que mereces algo mejor?\u201d o \u201c\u00bfsaben que vas a seguir buscando trabajo y les dejar\u00e1s en cualquier momento tirados?\u201d\u2026&nbsp; <\/p>\n\n\n\n<h3 class=\"wp-block-heading\">Si tienes hijos, que pase el siguiente por favor<\/h3>\n\n\n\n<p>Y la de <strong>rechazarte por ser madre<\/strong> (o padre, imagino que alg\u00fan caso habr\u00e1) es la que me hizo contenerme las l\u00e1grimas en la entrevista de trabajo. No estaba embarazada, no ten\u00eda ni siquiera un beb\u00e9 peque\u00f1o, simplemente ten\u00eda un ni\u00f1o de 15 meses que iba a empezar la guarder\u00eda y por fin me pod\u00eda presentar a una oferta de trabajo que me interesaba de verdad.<\/p>\n\n\n\n<p>Tras la pregunta de si ten\u00eda hijos fueron otras preguntas que nunca me hab\u00edan realizado en ninguna entrevista: \u201c\u00bftu pareja trabaja?\u201d, \u00bfqu\u00e9 horario tiene tu pareja?\u201d, \u201c\u00bftus padres o suegros est\u00e1n jubilados?\u201d, \u201c\u00bfqu\u00e9 har\u00e1s cuando tu hijo se ponga enfermo al empezar la guarder\u00eda?\u201d\u2026 Yo no daba cr\u00e9dito. Las fui respondiendo mientras mi tono de voz se iba volviendo m\u00e1s seco y<strong> mi cara hab\u00eda perdido por completo la sonrisa<\/strong>.<\/p>\n\n\n\n<p>Y s\u00ed, <strong>finalmente fui rechazada por ser madre<\/strong>. Dec\u00edan que mi pareja, al tener horario partido, no podr\u00eda estar nunca con el ni\u00f1o. Adem\u00e1s, eso de que mis suegros vivieran en otra ciudad y mis padres no estuvieran aun jubilados, dificultaba todav\u00eda m\u00e1s mi contrataci\u00f3n. En definitiva, seg\u00fan esa empresa, no quer\u00edan contar con una persona que ten\u00eda preocupaciones m\u00e1s importantes que su trabajo. <\/p>\n\n\n\n<p>\u00bfCreo que para todos nuestra familia u otros aspectos como nuestra salud es siempre m\u00e1s importante que el trabajo, no? \u00a1Seas padre o no! Podr\u00eda haberle dicho al entrevistador lo que pensaba, al fin y al cabo, no me iban a contratar, pero <strong>aguant\u00e9 la rabia, la impotencia y las l\u00e1grimas y me desped\u00ed correctamente<\/strong>. <\/p>\n\n\n\n<h2 class=\"wp-block-heading\">Aceptar la negativa de un cliente<\/h2>\n\n\n\n<p>Pero el rechazo no acaba una vez que por fin eres admitido en un trabajo. Al rev\u00e9s, a partir de ese momento es cuando <strong>debes empezar a gestionar las negativas son profesionalidad<\/strong>. Van a rechazar ofertas que no pod\u00edas mejorar, van a decirte que no a presupuestos que ya eran demasiado bajos, van a decirte que tu trabajo no les gusta\u2026 <\/p>\n\n\n\n<blockquote class=\"wp-block-quote is-layout-flow wp-block-quote-is-layout-flow\"><p><strong>El rechazo es un toque de atenci\u00f3n de que algo no est\u00e1s haciendo bien.<\/strong><\/p><\/blockquote>\n\n\n\n<p>No siempre tienes la culpa, l\u00f3gicamente, pero quiz\u00e1 <strong>tengas que pensar si podr\u00eda mejorar tu situaci\u00f3n cambiando alg\u00fan aspecto<\/strong>. \u00bfTienes el CV y carta de presentaci\u00f3n adecuadas? \u00bfLas ofertas que haces a tus clientes son apropiadas? \u00bfQuiz\u00e1 el presupuesto es demasiado elevado con respecto a tus competidores? \u00bfNecesitas mejorar tu imagen de marca para dar m\u00e1s confianza a los clientes?<\/p>\n\n\n\n<p>En tu pr\u00f3ximo rechazo analiza qu\u00e9 ha pasado antes de dejarlo pasar. Habla con tu cliente o con la persona que te ha dado la negativa, pide sus argumentos para no aceptarte y dale las gracias por su aclaraci\u00f3n. <strong>Recuerda que la \u00fanica manera de saber qu\u00e9 es el \u00e9xito es conociendo previamente el fracaso.<\/strong><\/p>\n\n\n\n<p>Lo que \u201cno te mata te hace m\u00e1s fuerte\u201d, eso dicen, \u00bfno?. Y precisamente el rechazo te hace estar decepcionado, triste, a veces enfadado, pero te prepara. Te hace resurgir de tus cenizas. <strong>Hace que puedas afrontar el pr\u00f3ximo \u201clo siento, pero no\u201d, con madurez<\/strong>. Eso es lo que nos ha faltado aprender de peque\u00f1os y de j\u00f3venes y es algo m\u00e1s que tenemos que aprender a lo largo de nuestra vida laboral.<\/p>\n\n\n\n<p>Al fin y al cabo, todos los rechazos que has ido acumulando a lo largo de tu vida son los que te han llevado por esta trayectoria profesional. Y si todav\u00eda no es la que quieres, <strong>debes estar preparado para escuchar bastantes veces la palabra \u201cno\u201d hasta lograrlo<\/strong>.<\/p>\n\n\n\n<p><\/p>\n","protected":false},"excerpt":{"rendered":"<p>\u00bfCu\u00e1ndo comenzamos a aceptar el rechazo en nuestra trayectoria profesional? Nunca es f\u00e1cil obtener un \u00abno\u00bb por respuesta<\/p>\n","protected":false},"author":10,"featured_media":778,"comment_status":"closed","ping_status":"closed","sticky":false,"template":"","format":"standard","meta":{"_acf_changed":false,"footnotes":""},"categories":[13],"tags":[14],"class_list":["post-777","post","type-post","status-publish","format-standard","has-post-thumbnail","hentry","category-equipos","tag-equipos"],"acf":[],"yoast_head":"<!-- This site is optimized with the Yoast SEO plugin v27.2 - https:\/\/yoast.com\/product\/yoast-seo-wordpress\/ -->\n<title>\u00bfEst\u00e1s preparado para ser rechazado? | Laura Crusellas en el Blog Bitevol<\/title>\n<meta name=\"description\" content=\"\u00bfTe cuesta ser rechazado? Nadie nos prepara para recibir un &quot;no&quot; por respuesta y solo la experiencia nos hace ir madurando en este tipo de situaciones\" \/>\n<meta name=\"robots\" content=\"index, follow, max-snippet:-1, max-image-preview:large, max-video-preview:-1\" \/>\n<link rel=\"canonical\" href=\"https:\/\/bitevol.es\/next\/estas-preparado-para-ser-rechazado\/\" \/>\n<meta property=\"og:locale\" content=\"es_ES\" \/>\n<meta property=\"og:type\" content=\"article\" \/>\n<meta property=\"og:title\" content=\"\u00bfEst\u00e1s preparado para ser rechazado? | Laura Crusellas en el Blog Bitevol\" \/>\n<meta property=\"og:description\" content=\"\u00bfTe cuesta ser rechazado? Nadie nos prepara para recibir un &quot;no&quot; por respuesta y solo la experiencia nos hace ir madurando en este tipo de situaciones\" \/>\n<meta property=\"og:url\" content=\"https:\/\/bitevol.es\/next\/estas-preparado-para-ser-rechazado\/\" \/>\n<meta property=\"og:site_name\" content=\"Blog de Bitevol\" \/>\n<meta property=\"article:published_time\" content=\"2020-09-28T12:15:41+00:00\" \/>\n<meta property=\"article:modified_time\" content=\"2020-09-28T12:17:22+00:00\" \/>\n<meta property=\"og:image\" content=\"https:\/\/bitevol.es\/next\/wp-content\/uploads\/2020\/09\/pexels-felix-mittermeier-957312.jpg\" \/>\n\t<meta property=\"og:image:width\" content=\"356\" \/>\n\t<meta property=\"og:image:height\" content=\"250\" \/>\n\t<meta property=\"og:image:type\" content=\"image\/jpeg\" \/>\n<meta name=\"author\" content=\"Laura Crusellas\" \/>\n<meta name=\"twitter:card\" content=\"summary_large_image\" \/>\n<meta name=\"twitter:label1\" content=\"Escrito por\" \/>\n\t<meta name=\"twitter:data1\" content=\"Laura Crusellas\" \/>\n\t<meta name=\"twitter:label2\" content=\"Tiempo de lectura\" \/>\n\t<meta name=\"twitter:data2\" content=\"5 minutos\" \/>\n<script type=\"application\/ld+json\" class=\"yoast-schema-graph\">{\"@context\":\"https:\/\/schema.org\",\"@graph\":[{\"@type\":\"Article\",\"@id\":\"https:\/\/bitevol.es\/next\/estas-preparado-para-ser-rechazado\/#article\",\"isPartOf\":{\"@id\":\"https:\/\/bitevol.es\/next\/estas-preparado-para-ser-rechazado\/\"},\"author\":{\"name\":\"Laura Crusellas\",\"@id\":\"https:\/\/bitevol.es\/next\/#\/schema\/person\/9ec26568024c04c2ba2c35b4a2fb2ce7\"},\"headline\":\"\u00bfEst\u00e1s preparado para ser rechazado?\",\"datePublished\":\"2020-09-28T12:15:41+00:00\",\"dateModified\":\"2020-09-28T12:17:22+00:00\",\"mainEntityOfPage\":{\"@id\":\"https:\/\/bitevol.es\/next\/estas-preparado-para-ser-rechazado\/\"},\"wordCount\":928,\"publisher\":{\"@id\":\"https:\/\/bitevol.es\/next\/#organization\"},\"image\":{\"@id\":\"https:\/\/bitevol.es\/next\/estas-preparado-para-ser-rechazado\/#primaryimage\"},\"thumbnailUrl\":\"https:\/\/bitevol.es\/next\/wp-content\/uploads\/2020\/09\/pexels-felix-mittermeier-957312.jpg\",\"keywords\":[\"equipos\"],\"articleSection\":[\"Equipos\"],\"inLanguage\":\"es\"},{\"@type\":\"WebPage\",\"@id\":\"https:\/\/bitevol.es\/next\/estas-preparado-para-ser-rechazado\/\",\"url\":\"https:\/\/bitevol.es\/next\/estas-preparado-para-ser-rechazado\/\",\"name\":\"\u00bfEst\u00e1s preparado para ser rechazado? | Laura Crusellas en el Blog Bitevol\",\"isPartOf\":{\"@id\":\"https:\/\/bitevol.es\/next\/#website\"},\"primaryImageOfPage\":{\"@id\":\"https:\/\/bitevol.es\/next\/estas-preparado-para-ser-rechazado\/#primaryimage\"},\"image\":{\"@id\":\"https:\/\/bitevol.es\/next\/estas-preparado-para-ser-rechazado\/#primaryimage\"},\"thumbnailUrl\":\"https:\/\/bitevol.es\/next\/wp-content\/uploads\/2020\/09\/pexels-felix-mittermeier-957312.jpg\",\"datePublished\":\"2020-09-28T12:15:41+00:00\",\"dateModified\":\"2020-09-28T12:17:22+00:00\",\"description\":\"\u00bfTe cuesta ser rechazado? Nadie nos prepara para recibir un \\\"no\\\" por respuesta y solo la experiencia nos hace ir madurando en este tipo de situaciones\",\"breadcrumb\":{\"@id\":\"https:\/\/bitevol.es\/next\/estas-preparado-para-ser-rechazado\/#breadcrumb\"},\"inLanguage\":\"es\",\"potentialAction\":[{\"@type\":\"ReadAction\",\"target\":[\"https:\/\/bitevol.es\/next\/estas-preparado-para-ser-rechazado\/\"]}]},{\"@type\":\"ImageObject\",\"inLanguage\":\"es\",\"@id\":\"https:\/\/bitevol.es\/next\/estas-preparado-para-ser-rechazado\/#primaryimage\",\"url\":\"https:\/\/bitevol.es\/next\/wp-content\/uploads\/2020\/09\/pexels-felix-mittermeier-957312.jpg\",\"contentUrl\":\"https:\/\/bitevol.es\/next\/wp-content\/uploads\/2020\/09\/pexels-felix-mittermeier-957312.jpg\",\"width\":356,\"height\":250,\"caption\":\"estar preparado para el rechazo\"},{\"@type\":\"BreadcrumbList\",\"@id\":\"https:\/\/bitevol.es\/next\/estas-preparado-para-ser-rechazado\/#breadcrumb\",\"itemListElement\":[{\"@type\":\"ListItem\",\"position\":1,\"name\":\"Portada\",\"item\":\"https:\/\/bitevol.es\/next\/\"},{\"@type\":\"ListItem\",\"position\":2,\"name\":\"\u00bfEst\u00e1s preparado para ser rechazado?\"}]},{\"@type\":\"WebSite\",\"@id\":\"https:\/\/bitevol.es\/next\/#website\",\"url\":\"https:\/\/bitevol.es\/next\/\",\"name\":\"Blog de Bitevol\",\"description\":\"Oxigena tu estrategia digital\",\"publisher\":{\"@id\":\"https:\/\/bitevol.es\/next\/#organization\"},\"potentialAction\":[{\"@type\":\"SearchAction\",\"target\":{\"@type\":\"EntryPoint\",\"urlTemplate\":\"https:\/\/bitevol.es\/next\/?s={search_term_string}\"},\"query-input\":{\"@type\":\"PropertyValueSpecification\",\"valueRequired\":true,\"valueName\":\"search_term_string\"}}],\"inLanguage\":\"es\"},{\"@type\":\"Organization\",\"@id\":\"https:\/\/bitevol.es\/next\/#organization\",\"name\":\"BitEvol\",\"url\":\"https:\/\/bitevol.es\/next\/\",\"logo\":{\"@type\":\"ImageObject\",\"inLanguage\":\"es\",\"@id\":\"https:\/\/bitevol.es\/next\/#\/schema\/logo\/image\/\",\"url\":\"https:\/\/bitevol.es\/next\/wp-content\/uploads\/2018\/06\/bitevol-01.png\",\"contentUrl\":\"https:\/\/bitevol.es\/next\/wp-content\/uploads\/2018\/06\/bitevol-01.png\",\"width\":781,\"height\":324,\"caption\":\"BitEvol\"},\"image\":{\"@id\":\"https:\/\/bitevol.es\/next\/#\/schema\/logo\/image\/\"}},{\"@type\":\"Person\",\"@id\":\"https:\/\/bitevol.es\/next\/#\/schema\/person\/9ec26568024c04c2ba2c35b4a2fb2ce7\",\"name\":\"Laura Crusellas\",\"image\":{\"@type\":\"ImageObject\",\"inLanguage\":\"es\",\"@id\":\"https:\/\/secure.gravatar.com\/avatar\/e2771eb7de60f524efb19caf1f8f4aff4e2eec04623582d33dbfdc044f4b1db3?s=96&d=mm&r=g\",\"url\":\"https:\/\/secure.gravatar.com\/avatar\/e2771eb7de60f524efb19caf1f8f4aff4e2eec04623582d33dbfdc044f4b1db3?s=96&d=mm&r=g\",\"contentUrl\":\"https:\/\/secure.gravatar.com\/avatar\/e2771eb7de60f524efb19caf1f8f4aff4e2eec04623582d33dbfdc044f4b1db3?s=96&d=mm&r=g\",\"caption\":\"Laura Crusellas\"},\"description\":\"Soy periodista y apasionada del Marketing Digital. He trabajado en radio, TV y desde 2013 el entorno 2.0.\",\"url\":\"https:\/\/bitevol.es\/next\/author\/laura-crusellasgmail-com\/\"}]}<\/script>\n<!-- \/ Yoast SEO plugin. -->","yoast_head_json":{"title":"\u00bfEst\u00e1s preparado para ser rechazado? | Laura Crusellas en el Blog Bitevol","description":"\u00bfTe cuesta ser rechazado? Nadie nos prepara para recibir un \"no\" por respuesta y solo la experiencia nos hace ir madurando en este tipo de situaciones","robots":{"index":"index","follow":"follow","max-snippet":"max-snippet:-1","max-image-preview":"max-image-preview:large","max-video-preview":"max-video-preview:-1"},"canonical":"https:\/\/bitevol.es\/next\/estas-preparado-para-ser-rechazado\/","og_locale":"es_ES","og_type":"article","og_title":"\u00bfEst\u00e1s preparado para ser rechazado? | Laura Crusellas en el Blog Bitevol","og_description":"\u00bfTe cuesta ser rechazado? Nadie nos prepara para recibir un \"no\" por respuesta y solo la experiencia nos hace ir madurando en este tipo de situaciones","og_url":"https:\/\/bitevol.es\/next\/estas-preparado-para-ser-rechazado\/","og_site_name":"Blog de Bitevol","article_published_time":"2020-09-28T12:15:41+00:00","article_modified_time":"2020-09-28T12:17:22+00:00","og_image":[{"width":356,"height":250,"url":"https:\/\/bitevol.es\/next\/wp-content\/uploads\/2020\/09\/pexels-felix-mittermeier-957312.jpg","type":"image\/jpeg"}],"author":"Laura Crusellas","twitter_card":"summary_large_image","twitter_misc":{"Escrito por":"Laura Crusellas","Tiempo de lectura":"5 minutos"},"schema":{"@context":"https:\/\/schema.org","@graph":[{"@type":"Article","@id":"https:\/\/bitevol.es\/next\/estas-preparado-para-ser-rechazado\/#article","isPartOf":{"@id":"https:\/\/bitevol.es\/next\/estas-preparado-para-ser-rechazado\/"},"author":{"name":"Laura Crusellas","@id":"https:\/\/bitevol.es\/next\/#\/schema\/person\/9ec26568024c04c2ba2c35b4a2fb2ce7"},"headline":"\u00bfEst\u00e1s preparado para ser rechazado?","datePublished":"2020-09-28T12:15:41+00:00","dateModified":"2020-09-28T12:17:22+00:00","mainEntityOfPage":{"@id":"https:\/\/bitevol.es\/next\/estas-preparado-para-ser-rechazado\/"},"wordCount":928,"publisher":{"@id":"https:\/\/bitevol.es\/next\/#organization"},"image":{"@id":"https:\/\/bitevol.es\/next\/estas-preparado-para-ser-rechazado\/#primaryimage"},"thumbnailUrl":"https:\/\/bitevol.es\/next\/wp-content\/uploads\/2020\/09\/pexels-felix-mittermeier-957312.jpg","keywords":["equipos"],"articleSection":["Equipos"],"inLanguage":"es"},{"@type":"WebPage","@id":"https:\/\/bitevol.es\/next\/estas-preparado-para-ser-rechazado\/","url":"https:\/\/bitevol.es\/next\/estas-preparado-para-ser-rechazado\/","name":"\u00bfEst\u00e1s preparado para ser rechazado? | Laura Crusellas en el Blog Bitevol","isPartOf":{"@id":"https:\/\/bitevol.es\/next\/#website"},"primaryImageOfPage":{"@id":"https:\/\/bitevol.es\/next\/estas-preparado-para-ser-rechazado\/#primaryimage"},"image":{"@id":"https:\/\/bitevol.es\/next\/estas-preparado-para-ser-rechazado\/#primaryimage"},"thumbnailUrl":"https:\/\/bitevol.es\/next\/wp-content\/uploads\/2020\/09\/pexels-felix-mittermeier-957312.jpg","datePublished":"2020-09-28T12:15:41+00:00","dateModified":"2020-09-28T12:17:22+00:00","description":"\u00bfTe cuesta ser rechazado? Nadie nos prepara para recibir un \"no\" por respuesta y solo la experiencia nos hace ir madurando en este tipo de situaciones","breadcrumb":{"@id":"https:\/\/bitevol.es\/next\/estas-preparado-para-ser-rechazado\/#breadcrumb"},"inLanguage":"es","potentialAction":[{"@type":"ReadAction","target":["https:\/\/bitevol.es\/next\/estas-preparado-para-ser-rechazado\/"]}]},{"@type":"ImageObject","inLanguage":"es","@id":"https:\/\/bitevol.es\/next\/estas-preparado-para-ser-rechazado\/#primaryimage","url":"https:\/\/bitevol.es\/next\/wp-content\/uploads\/2020\/09\/pexels-felix-mittermeier-957312.jpg","contentUrl":"https:\/\/bitevol.es\/next\/wp-content\/uploads\/2020\/09\/pexels-felix-mittermeier-957312.jpg","width":356,"height":250,"caption":"estar preparado para el rechazo"},{"@type":"BreadcrumbList","@id":"https:\/\/bitevol.es\/next\/estas-preparado-para-ser-rechazado\/#breadcrumb","itemListElement":[{"@type":"ListItem","position":1,"name":"Portada","item":"https:\/\/bitevol.es\/next\/"},{"@type":"ListItem","position":2,"name":"\u00bfEst\u00e1s preparado para ser rechazado?"}]},{"@type":"WebSite","@id":"https:\/\/bitevol.es\/next\/#website","url":"https:\/\/bitevol.es\/next\/","name":"Blog de Bitevol","description":"Oxigena tu estrategia digital","publisher":{"@id":"https:\/\/bitevol.es\/next\/#organization"},"potentialAction":[{"@type":"SearchAction","target":{"@type":"EntryPoint","urlTemplate":"https:\/\/bitevol.es\/next\/?s={search_term_string}"},"query-input":{"@type":"PropertyValueSpecification","valueRequired":true,"valueName":"search_term_string"}}],"inLanguage":"es"},{"@type":"Organization","@id":"https:\/\/bitevol.es\/next\/#organization","name":"BitEvol","url":"https:\/\/bitevol.es\/next\/","logo":{"@type":"ImageObject","inLanguage":"es","@id":"https:\/\/bitevol.es\/next\/#\/schema\/logo\/image\/","url":"https:\/\/bitevol.es\/next\/wp-content\/uploads\/2018\/06\/bitevol-01.png","contentUrl":"https:\/\/bitevol.es\/next\/wp-content\/uploads\/2018\/06\/bitevol-01.png","width":781,"height":324,"caption":"BitEvol"},"image":{"@id":"https:\/\/bitevol.es\/next\/#\/schema\/logo\/image\/"}},{"@type":"Person","@id":"https:\/\/bitevol.es\/next\/#\/schema\/person\/9ec26568024c04c2ba2c35b4a2fb2ce7","name":"Laura Crusellas","image":{"@type":"ImageObject","inLanguage":"es","@id":"https:\/\/secure.gravatar.com\/avatar\/e2771eb7de60f524efb19caf1f8f4aff4e2eec04623582d33dbfdc044f4b1db3?s=96&d=mm&r=g","url":"https:\/\/secure.gravatar.com\/avatar\/e2771eb7de60f524efb19caf1f8f4aff4e2eec04623582d33dbfdc044f4b1db3?s=96&d=mm&r=g","contentUrl":"https:\/\/secure.gravatar.com\/avatar\/e2771eb7de60f524efb19caf1f8f4aff4e2eec04623582d33dbfdc044f4b1db3?s=96&d=mm&r=g","caption":"Laura Crusellas"},"description":"Soy periodista y apasionada del Marketing Digital. He trabajado en radio, TV y desde 2013 el entorno 2.0.","url":"https:\/\/bitevol.es\/next\/author\/laura-crusellasgmail-com\/"}]}},"_links":{"self":[{"href":"https:\/\/bitevol.es\/next\/wp-json\/wp\/v2\/posts\/777","targetHints":{"allow":["GET"]}}],"collection":[{"href":"https:\/\/bitevol.es\/next\/wp-json\/wp\/v2\/posts"}],"about":[{"href":"https:\/\/bitevol.es\/next\/wp-json\/wp\/v2\/types\/post"}],"author":[{"embeddable":true,"href":"https:\/\/bitevol.es\/next\/wp-json\/wp\/v2\/users\/10"}],"replies":[{"embeddable":true,"href":"https:\/\/bitevol.es\/next\/wp-json\/wp\/v2\/comments?post=777"}],"version-history":[{"count":1,"href":"https:\/\/bitevol.es\/next\/wp-json\/wp\/v2\/posts\/777\/revisions"}],"predecessor-version":[{"id":779,"href":"https:\/\/bitevol.es\/next\/wp-json\/wp\/v2\/posts\/777\/revisions\/779"}],"wp:featuredmedia":[{"embeddable":true,"href":"https:\/\/bitevol.es\/next\/wp-json\/wp\/v2\/media\/778"}],"wp:attachment":[{"href":"https:\/\/bitevol.es\/next\/wp-json\/wp\/v2\/media?parent=777"}],"wp:term":[{"taxonomy":"category","embeddable":true,"href":"https:\/\/bitevol.es\/next\/wp-json\/wp\/v2\/categories?post=777"},{"taxonomy":"post_tag","embeddable":true,"href":"https:\/\/bitevol.es\/next\/wp-json\/wp\/v2\/tags?post=777"}],"curies":[{"name":"wp","href":"https:\/\/api.w.org\/{rel}","templated":true}]}}