
{"id":850,"date":"2021-01-27T06:44:40","date_gmt":"2021-01-27T06:44:40","guid":{"rendered":"https:\/\/bitevol.es\/blog\/?p=850"},"modified":"2021-01-27T06:50:28","modified_gmt":"2021-01-27T06:50:28","slug":"trabajo-fauna","status":"publish","type":"post","link":"https:\/\/bitevol.es\/next\/trabajo-fauna\/","title":{"rendered":"Trabajo y fauna"},"content":{"rendered":"\n<p><strong>\u00bfAlguna vez has pensado que\nnuestra vida laboral se asemeja mucho a la de los animales?<\/strong><\/p>\n\n\n\n<p>Ellos comen para sobrevivir y nosotros trabajamos tambi\u00e9n con el mismo prop\u00f3sito, ya que (sobre)vivir consiste en ganar dinero, crecer profesionalmente, labrarnos un futuro\u2026 Como los animales, a veces <strong>vivimos en h\u00e1bitats diferentes <\/strong>seg\u00fan la etapa en la que nos encontramos.<\/p>\n\n\n\n<p>En ocasiones nuestro trabajo puede ser como un zoo, donde <strong>cada perfil est\u00e1 encasillado en una secci\u00f3n concreta<\/strong> y solo los interesados van a visitarnos. A veces se asemeja m\u00e1s a una jungla, donde la supervivencia es todo un reto cada d\u00eda y nunca sabes d\u00f3nde va a acechar el peligro.<\/p>\n\n\n\n<p>En otras etapas de nuestra profesi\u00f3n nos encontramos como en una granja, donde nos sentimos seguros, nos cuidan, tenemos una vida muy rutinaria, pero donde <strong>podemos ser reemplazados si dejamos de ser \u00fatiles<\/strong>.<\/p>\n\n\n\n<p>Algunos se lanzan al agua, emprendiendo su propio proyecto y haciendo frente a una fauna de lo m\u00e1s variada y compleja. A veces hay que esquivar a ballenas y evitar ser devorado por peces feroces, pero el oc\u00e9ano es muy grande, y <strong>los m\u00e1s listos pueden llegar tan lejos como quieran<\/strong>.<\/p>\n\n\n\n<p>As\u00ed que, por un lado, tenemos el contexto en el que nos toca trabajar y en el que a veces no siempre es el deseado, y adem\u00e1s del h\u00e1bitat hay que sumar que cada uno de nosotros tenemos una personalidad. <strong>Una personalidad animal.<\/strong> \u00bfLo sab\u00edas?<\/p>\n\n\n\n<p>De hecho, en algunas entrevistas de trabajo utilizan esta analog\u00eda para conocer m\u00e1s a los candidatos. Algo tipo <strong>\u201cdime a qui\u00e9n te pareces, y te dir\u00e9 c\u00f3mo eres\u201d<\/strong>. Yo creo que tiene sentido esta similitud de nuestra personalidad con la de algunos animales, pero considero que var\u00eda a lo largo del tiempo.<\/p>\n\n\n\n<p>Igual que no somos la misma persona, profesionalmente hablando, que hace 10 o 20 a\u00f1os, <strong>nuestra personalidad tambi\u00e9n crece y evoluciona<\/strong>, cambiando a otro tipo de animales. Y como todos aprendimos con la pel\u00edcula del \u201cRey Le\u00f3n\u201d, debe haber un equilibrio correcto en la fauna para que el ciclo de la vida siga su curso.<\/p>\n\n\n\n<p>Para ello, <strong>lo ideal es que en un equipo haya personas con personalidades diferentes <\/strong>pero que se complementen, que puedan vivir en armon\u00eda y pelear juntas cuando vengan los depredadores a su h\u00e1bitat. En ocasiones, los equipos son reducidos y entonces hay que conseguir personas cuya personalidad encaje a la perfecci\u00f3n con diferentes animales. \u00bfSabes cu\u00e1les son los m\u00e1s comunes?<\/p>\n\n\n\n<h2 class=\"wp-block-heading\"><strong>\u00bfCon qu\u00e9 animal te identificas?<\/strong><\/h2>\n\n\n\n<p>Como he dicho antes, todos vamos evolucionando y creo que todos hemos pasado por la <strong>personalidad de hormiga<\/strong>. En nuestros inicios, hemos querido trabajar todo lo posible, repetir las tareas las veces que hiciera falta hasta ganar experiencia y guardar nuestro beneficio para el futuro. <\/p>\n\n\n\n<p>En paralelo todos <strong>hemos tenido que ser un poco monos o chimpanc\u00e9s<\/strong>, es decir, listos, r\u00e1pidos y capaces de aprender a trabajar en grupo. Ninguna empresa quiere personas que no sean inteligentes ni que act\u00faen en solitario, as\u00ed que, para crecer profesionalmente, todos hemos tenido que ser un tanto simio en alg\u00fan momento.<\/p>\n\n\n\n<p>Y a partir de entonces, cada uno vamos forjando la personalidad tal y como somos por naturaleza. Algunos, como los <strong>delfines<\/strong>, destacan entre su fauna por su inteligencia y son aplaudidos por el p\u00fablico en diferentes ocasiones. Otros, se convierten en <strong>elefantes<\/strong>, fuertes, orientando equipos, con experiencia y memoria de sobra para hacer frente a las adversidades.<\/p>\n\n\n\n<p>Y aunque por el camino siempre te vas a encontrar \u00e1guilas, tiburones, serpientes y ratas, convertirte en <strong>le\u00f3n <\/strong>no es f\u00e1cil ni todos estamos preparados para ello. S\u00ed, son los l\u00edderes de la manada, pero tambi\u00e9n tiene la responsabilidad de cazar o delegar en quien mejor sepa hacerlo. A la hora de sobrevivir, deben pelear con u\u00f1as y dientes y su fortaleza no siempre les hace ser los vencedores.<\/p>\n\n\n\n<p>Tanto si en este momento de tu vida eres carn\u00edvoro o herb\u00edvoro, como si prefieres vivir en la ciudad o en el bosque, solo debes tener una cosa clara, no dejes que ning\u00fan otro animal te aceche y <strong>sigue luchando por tu supervivencia. <\/strong><\/p>\n\n\n\n<blockquote class=\"wp-block-quote is-layout-flow wp-block-quote-is-layout-flow\"><p>Ad\u00e1ptate a tu h\u00e1bitat y j\u00fantate con aquellas manadas que te ayudan, te completen y que, a pesar de ser diferentes, luch\u00e9is con el mismo objetivo.<\/p><\/blockquote>\n\n\n\n<p><strong>No hace falta ser un depredador para ser respetado,<\/strong> tampoco ser el m\u00e1s fuerte ni grande para llegar lejos. Solo hay que sacar lo mejor de nosotros mismos y rodearnos de aquellos que en grupo nos respetan y son parte de nuestro entorno.<\/p>\n","protected":false},"excerpt":{"rendered":"<p>Los animales tienen su \u00abpersonalidad\u00bb y nosotros, los humanos, nos parecemos a ellos m\u00e1s de lo que pensamos<\/p>\n","protected":false},"author":10,"featured_media":851,"comment_status":"closed","ping_status":"closed","sticky":false,"template":"","format":"standard","meta":{"_acf_changed":false,"footnotes":""},"categories":[13],"tags":[14],"class_list":["post-850","post","type-post","status-publish","format-standard","has-post-thumbnail","hentry","category-equipos","tag-equipos"],"acf":[],"yoast_head":"<!-- This site is optimized with the Yoast SEO plugin v27.2 - https:\/\/yoast.com\/product\/yoast-seo-wordpress\/ -->\n<title>Trabajo y fauna | Un post de Laura Crusellas para el Blog Bitevol<\/title>\n<meta name=\"description\" content=\"Las personas y los animales nos parecemos m\u00e1s de lo que pensamos y, en el \u00e1mbito laboral, compartimos personalidades seg\u00fan cada etapa profesional\" \/>\n<meta name=\"robots\" content=\"index, follow, max-snippet:-1, max-image-preview:large, max-video-preview:-1\" \/>\n<link rel=\"canonical\" href=\"https:\/\/bitevol.es\/next\/trabajo-fauna\/\" \/>\n<meta property=\"og:locale\" content=\"es_ES\" \/>\n<meta property=\"og:type\" content=\"article\" \/>\n<meta property=\"og:title\" content=\"Trabajo y fauna | Un post de Laura Crusellas para el Blog Bitevol\" \/>\n<meta property=\"og:description\" content=\"Las personas y los animales nos parecemos m\u00e1s de lo que pensamos y, en el \u00e1mbito laboral, compartimos personalidades seg\u00fan cada etapa profesional\" \/>\n<meta property=\"og:url\" content=\"https:\/\/bitevol.es\/next\/trabajo-fauna\/\" \/>\n<meta property=\"og:site_name\" content=\"Blog de Bitevol\" \/>\n<meta property=\"article:published_time\" content=\"2021-01-27T06:44:40+00:00\" \/>\n<meta property=\"article:modified_time\" content=\"2021-01-27T06:50:28+00:00\" \/>\n<meta property=\"og:image\" content=\"https:\/\/bitevol.es\/next\/wp-content\/uploads\/2021\/01\/pexels-andre-mouton-1207875.jpg\" \/>\n\t<meta property=\"og:image:width\" content=\"356\" \/>\n\t<meta property=\"og:image:height\" content=\"250\" \/>\n\t<meta property=\"og:image:type\" content=\"image\/jpeg\" \/>\n<meta name=\"author\" content=\"Laura Crusellas\" \/>\n<meta name=\"twitter:card\" content=\"summary_large_image\" \/>\n<meta name=\"twitter:label1\" content=\"Escrito por\" \/>\n\t<meta name=\"twitter:data1\" content=\"Laura Crusellas\" \/>\n\t<meta name=\"twitter:label2\" content=\"Tiempo de lectura\" \/>\n\t<meta name=\"twitter:data2\" content=\"4 minutos\" \/>\n<script type=\"application\/ld+json\" class=\"yoast-schema-graph\">{\"@context\":\"https:\/\/schema.org\",\"@graph\":[{\"@type\":\"Article\",\"@id\":\"https:\/\/bitevol.es\/next\/trabajo-fauna\/#article\",\"isPartOf\":{\"@id\":\"https:\/\/bitevol.es\/next\/trabajo-fauna\/\"},\"author\":{\"name\":\"Laura Crusellas\",\"@id\":\"https:\/\/bitevol.es\/next\/#\/schema\/person\/9ec26568024c04c2ba2c35b4a2fb2ce7\"},\"headline\":\"Trabajo y fauna\",\"datePublished\":\"2021-01-27T06:44:40+00:00\",\"dateModified\":\"2021-01-27T06:50:28+00:00\",\"mainEntityOfPage\":{\"@id\":\"https:\/\/bitevol.es\/next\/trabajo-fauna\/\"},\"wordCount\":794,\"publisher\":{\"@id\":\"https:\/\/bitevol.es\/next\/#organization\"},\"image\":{\"@id\":\"https:\/\/bitevol.es\/next\/trabajo-fauna\/#primaryimage\"},\"thumbnailUrl\":\"https:\/\/bitevol.es\/next\/wp-content\/uploads\/2021\/01\/pexels-andre-mouton-1207875.jpg\",\"keywords\":[\"equipos\"],\"articleSection\":[\"Equipos\"],\"inLanguage\":\"es\"},{\"@type\":\"WebPage\",\"@id\":\"https:\/\/bitevol.es\/next\/trabajo-fauna\/\",\"url\":\"https:\/\/bitevol.es\/next\/trabajo-fauna\/\",\"name\":\"Trabajo y fauna | Un post de Laura Crusellas para el Blog Bitevol\",\"isPartOf\":{\"@id\":\"https:\/\/bitevol.es\/next\/#website\"},\"primaryImageOfPage\":{\"@id\":\"https:\/\/bitevol.es\/next\/trabajo-fauna\/#primaryimage\"},\"image\":{\"@id\":\"https:\/\/bitevol.es\/next\/trabajo-fauna\/#primaryimage\"},\"thumbnailUrl\":\"https:\/\/bitevol.es\/next\/wp-content\/uploads\/2021\/01\/pexels-andre-mouton-1207875.jpg\",\"datePublished\":\"2021-01-27T06:44:40+00:00\",\"dateModified\":\"2021-01-27T06:50:28+00:00\",\"description\":\"Las personas y los animales nos parecemos m\u00e1s de lo que pensamos y, en el \u00e1mbito laboral, compartimos personalidades seg\u00fan cada etapa profesional\",\"breadcrumb\":{\"@id\":\"https:\/\/bitevol.es\/next\/trabajo-fauna\/#breadcrumb\"},\"inLanguage\":\"es\",\"potentialAction\":[{\"@type\":\"ReadAction\",\"target\":[\"https:\/\/bitevol.es\/next\/trabajo-fauna\/\"]}]},{\"@type\":\"ImageObject\",\"inLanguage\":\"es\",\"@id\":\"https:\/\/bitevol.es\/next\/trabajo-fauna\/#primaryimage\",\"url\":\"https:\/\/bitevol.es\/next\/wp-content\/uploads\/2021\/01\/pexels-andre-mouton-1207875.jpg\",\"contentUrl\":\"https:\/\/bitevol.es\/next\/wp-content\/uploads\/2021\/01\/pexels-andre-mouton-1207875.jpg\",\"width\":356,\"height\":250,\"caption\":\"trabajo y fauna\"},{\"@type\":\"BreadcrumbList\",\"@id\":\"https:\/\/bitevol.es\/next\/trabajo-fauna\/#breadcrumb\",\"itemListElement\":[{\"@type\":\"ListItem\",\"position\":1,\"name\":\"Portada\",\"item\":\"https:\/\/bitevol.es\/next\/\"},{\"@type\":\"ListItem\",\"position\":2,\"name\":\"Trabajo y fauna\"}]},{\"@type\":\"WebSite\",\"@id\":\"https:\/\/bitevol.es\/next\/#website\",\"url\":\"https:\/\/bitevol.es\/next\/\",\"name\":\"Blog de Bitevol\",\"description\":\"Oxigena tu estrategia digital\",\"publisher\":{\"@id\":\"https:\/\/bitevol.es\/next\/#organization\"},\"potentialAction\":[{\"@type\":\"SearchAction\",\"target\":{\"@type\":\"EntryPoint\",\"urlTemplate\":\"https:\/\/bitevol.es\/next\/?s={search_term_string}\"},\"query-input\":{\"@type\":\"PropertyValueSpecification\",\"valueRequired\":true,\"valueName\":\"search_term_string\"}}],\"inLanguage\":\"es\"},{\"@type\":\"Organization\",\"@id\":\"https:\/\/bitevol.es\/next\/#organization\",\"name\":\"BitEvol\",\"url\":\"https:\/\/bitevol.es\/next\/\",\"logo\":{\"@type\":\"ImageObject\",\"inLanguage\":\"es\",\"@id\":\"https:\/\/bitevol.es\/next\/#\/schema\/logo\/image\/\",\"url\":\"https:\/\/bitevol.es\/next\/wp-content\/uploads\/2018\/06\/bitevol-01.png\",\"contentUrl\":\"https:\/\/bitevol.es\/next\/wp-content\/uploads\/2018\/06\/bitevol-01.png\",\"width\":781,\"height\":324,\"caption\":\"BitEvol\"},\"image\":{\"@id\":\"https:\/\/bitevol.es\/next\/#\/schema\/logo\/image\/\"}},{\"@type\":\"Person\",\"@id\":\"https:\/\/bitevol.es\/next\/#\/schema\/person\/9ec26568024c04c2ba2c35b4a2fb2ce7\",\"name\":\"Laura Crusellas\",\"image\":{\"@type\":\"ImageObject\",\"inLanguage\":\"es\",\"@id\":\"https:\/\/secure.gravatar.com\/avatar\/e2771eb7de60f524efb19caf1f8f4aff4e2eec04623582d33dbfdc044f4b1db3?s=96&d=mm&r=g\",\"url\":\"https:\/\/secure.gravatar.com\/avatar\/e2771eb7de60f524efb19caf1f8f4aff4e2eec04623582d33dbfdc044f4b1db3?s=96&d=mm&r=g\",\"contentUrl\":\"https:\/\/secure.gravatar.com\/avatar\/e2771eb7de60f524efb19caf1f8f4aff4e2eec04623582d33dbfdc044f4b1db3?s=96&d=mm&r=g\",\"caption\":\"Laura Crusellas\"},\"description\":\"Soy periodista y apasionada del Marketing Digital. He trabajado en radio, TV y desde 2013 el entorno 2.0.\",\"url\":\"https:\/\/bitevol.es\/next\/author\/laura-crusellasgmail-com\/\"}]}<\/script>\n<!-- \/ Yoast SEO plugin. -->","yoast_head_json":{"title":"Trabajo y fauna | Un post de Laura Crusellas para el Blog Bitevol","description":"Las personas y los animales nos parecemos m\u00e1s de lo que pensamos y, en el \u00e1mbito laboral, compartimos personalidades seg\u00fan cada etapa profesional","robots":{"index":"index","follow":"follow","max-snippet":"max-snippet:-1","max-image-preview":"max-image-preview:large","max-video-preview":"max-video-preview:-1"},"canonical":"https:\/\/bitevol.es\/next\/trabajo-fauna\/","og_locale":"es_ES","og_type":"article","og_title":"Trabajo y fauna | Un post de Laura Crusellas para el Blog Bitevol","og_description":"Las personas y los animales nos parecemos m\u00e1s de lo que pensamos y, en el \u00e1mbito laboral, compartimos personalidades seg\u00fan cada etapa profesional","og_url":"https:\/\/bitevol.es\/next\/trabajo-fauna\/","og_site_name":"Blog de Bitevol","article_published_time":"2021-01-27T06:44:40+00:00","article_modified_time":"2021-01-27T06:50:28+00:00","og_image":[{"width":356,"height":250,"url":"https:\/\/bitevol.es\/next\/wp-content\/uploads\/2021\/01\/pexels-andre-mouton-1207875.jpg","type":"image\/jpeg"}],"author":"Laura Crusellas","twitter_card":"summary_large_image","twitter_misc":{"Escrito por":"Laura Crusellas","Tiempo de lectura":"4 minutos"},"schema":{"@context":"https:\/\/schema.org","@graph":[{"@type":"Article","@id":"https:\/\/bitevol.es\/next\/trabajo-fauna\/#article","isPartOf":{"@id":"https:\/\/bitevol.es\/next\/trabajo-fauna\/"},"author":{"name":"Laura Crusellas","@id":"https:\/\/bitevol.es\/next\/#\/schema\/person\/9ec26568024c04c2ba2c35b4a2fb2ce7"},"headline":"Trabajo y fauna","datePublished":"2021-01-27T06:44:40+00:00","dateModified":"2021-01-27T06:50:28+00:00","mainEntityOfPage":{"@id":"https:\/\/bitevol.es\/next\/trabajo-fauna\/"},"wordCount":794,"publisher":{"@id":"https:\/\/bitevol.es\/next\/#organization"},"image":{"@id":"https:\/\/bitevol.es\/next\/trabajo-fauna\/#primaryimage"},"thumbnailUrl":"https:\/\/bitevol.es\/next\/wp-content\/uploads\/2021\/01\/pexels-andre-mouton-1207875.jpg","keywords":["equipos"],"articleSection":["Equipos"],"inLanguage":"es"},{"@type":"WebPage","@id":"https:\/\/bitevol.es\/next\/trabajo-fauna\/","url":"https:\/\/bitevol.es\/next\/trabajo-fauna\/","name":"Trabajo y fauna | Un post de Laura Crusellas para el Blog Bitevol","isPartOf":{"@id":"https:\/\/bitevol.es\/next\/#website"},"primaryImageOfPage":{"@id":"https:\/\/bitevol.es\/next\/trabajo-fauna\/#primaryimage"},"image":{"@id":"https:\/\/bitevol.es\/next\/trabajo-fauna\/#primaryimage"},"thumbnailUrl":"https:\/\/bitevol.es\/next\/wp-content\/uploads\/2021\/01\/pexels-andre-mouton-1207875.jpg","datePublished":"2021-01-27T06:44:40+00:00","dateModified":"2021-01-27T06:50:28+00:00","description":"Las personas y los animales nos parecemos m\u00e1s de lo que pensamos y, en el \u00e1mbito laboral, compartimos personalidades seg\u00fan cada etapa profesional","breadcrumb":{"@id":"https:\/\/bitevol.es\/next\/trabajo-fauna\/#breadcrumb"},"inLanguage":"es","potentialAction":[{"@type":"ReadAction","target":["https:\/\/bitevol.es\/next\/trabajo-fauna\/"]}]},{"@type":"ImageObject","inLanguage":"es","@id":"https:\/\/bitevol.es\/next\/trabajo-fauna\/#primaryimage","url":"https:\/\/bitevol.es\/next\/wp-content\/uploads\/2021\/01\/pexels-andre-mouton-1207875.jpg","contentUrl":"https:\/\/bitevol.es\/next\/wp-content\/uploads\/2021\/01\/pexels-andre-mouton-1207875.jpg","width":356,"height":250,"caption":"trabajo y fauna"},{"@type":"BreadcrumbList","@id":"https:\/\/bitevol.es\/next\/trabajo-fauna\/#breadcrumb","itemListElement":[{"@type":"ListItem","position":1,"name":"Portada","item":"https:\/\/bitevol.es\/next\/"},{"@type":"ListItem","position":2,"name":"Trabajo y fauna"}]},{"@type":"WebSite","@id":"https:\/\/bitevol.es\/next\/#website","url":"https:\/\/bitevol.es\/next\/","name":"Blog de Bitevol","description":"Oxigena tu estrategia digital","publisher":{"@id":"https:\/\/bitevol.es\/next\/#organization"},"potentialAction":[{"@type":"SearchAction","target":{"@type":"EntryPoint","urlTemplate":"https:\/\/bitevol.es\/next\/?s={search_term_string}"},"query-input":{"@type":"PropertyValueSpecification","valueRequired":true,"valueName":"search_term_string"}}],"inLanguage":"es"},{"@type":"Organization","@id":"https:\/\/bitevol.es\/next\/#organization","name":"BitEvol","url":"https:\/\/bitevol.es\/next\/","logo":{"@type":"ImageObject","inLanguage":"es","@id":"https:\/\/bitevol.es\/next\/#\/schema\/logo\/image\/","url":"https:\/\/bitevol.es\/next\/wp-content\/uploads\/2018\/06\/bitevol-01.png","contentUrl":"https:\/\/bitevol.es\/next\/wp-content\/uploads\/2018\/06\/bitevol-01.png","width":781,"height":324,"caption":"BitEvol"},"image":{"@id":"https:\/\/bitevol.es\/next\/#\/schema\/logo\/image\/"}},{"@type":"Person","@id":"https:\/\/bitevol.es\/next\/#\/schema\/person\/9ec26568024c04c2ba2c35b4a2fb2ce7","name":"Laura Crusellas","image":{"@type":"ImageObject","inLanguage":"es","@id":"https:\/\/secure.gravatar.com\/avatar\/e2771eb7de60f524efb19caf1f8f4aff4e2eec04623582d33dbfdc044f4b1db3?s=96&d=mm&r=g","url":"https:\/\/secure.gravatar.com\/avatar\/e2771eb7de60f524efb19caf1f8f4aff4e2eec04623582d33dbfdc044f4b1db3?s=96&d=mm&r=g","contentUrl":"https:\/\/secure.gravatar.com\/avatar\/e2771eb7de60f524efb19caf1f8f4aff4e2eec04623582d33dbfdc044f4b1db3?s=96&d=mm&r=g","caption":"Laura Crusellas"},"description":"Soy periodista y apasionada del Marketing Digital. He trabajado en radio, TV y desde 2013 el entorno 2.0.","url":"https:\/\/bitevol.es\/next\/author\/laura-crusellasgmail-com\/"}]}},"_links":{"self":[{"href":"https:\/\/bitevol.es\/next\/wp-json\/wp\/v2\/posts\/850","targetHints":{"allow":["GET"]}}],"collection":[{"href":"https:\/\/bitevol.es\/next\/wp-json\/wp\/v2\/posts"}],"about":[{"href":"https:\/\/bitevol.es\/next\/wp-json\/wp\/v2\/types\/post"}],"author":[{"embeddable":true,"href":"https:\/\/bitevol.es\/next\/wp-json\/wp\/v2\/users\/10"}],"replies":[{"embeddable":true,"href":"https:\/\/bitevol.es\/next\/wp-json\/wp\/v2\/comments?post=850"}],"version-history":[{"count":2,"href":"https:\/\/bitevol.es\/next\/wp-json\/wp\/v2\/posts\/850\/revisions"}],"predecessor-version":[{"id":854,"href":"https:\/\/bitevol.es\/next\/wp-json\/wp\/v2\/posts\/850\/revisions\/854"}],"wp:featuredmedia":[{"embeddable":true,"href":"https:\/\/bitevol.es\/next\/wp-json\/wp\/v2\/media\/851"}],"wp:attachment":[{"href":"https:\/\/bitevol.es\/next\/wp-json\/wp\/v2\/media?parent=850"}],"wp:term":[{"taxonomy":"category","embeddable":true,"href":"https:\/\/bitevol.es\/next\/wp-json\/wp\/v2\/categories?post=850"},{"taxonomy":"post_tag","embeddable":true,"href":"https:\/\/bitevol.es\/next\/wp-json\/wp\/v2\/tags?post=850"}],"curies":[{"name":"wp","href":"https:\/\/api.w.org\/{rel}","templated":true}]}}