
{"id":901,"date":"2021-06-04T08:20:11","date_gmt":"2021-06-04T08:20:11","guid":{"rendered":"https:\/\/bitevol.es\/blog\/?p=901"},"modified":"2021-07-15T06:52:41","modified_gmt":"2021-07-15T06:52:41","slug":"para-ti-valiente","status":"publish","type":"post","link":"https:\/\/bitevol.es\/next\/para-ti-valiente\/","title":{"rendered":"Para ti, valiente"},"content":{"rendered":"\n<p>Hace m\u00e1s de un a\u00f1o, t\u00e9rminos como \u201cpandemia\u201d o \u201ctoque de queda\u201d sonaban a otra \u00e9poca, a <strong>una realidad que poco se parec\u00eda a la que conoc\u00edamos como rutina<\/strong>. Pero poco a poco, acechando por zonas sin casi esperarlo, nos vimos sumidos en una pel\u00edcula de ciencia ficci\u00f3n con un argumento de terror.<\/p>\n\n\n\n<p>El problema es que en ning\u00fan momento ha habido actores, solo supervivientes, valientes y peque\u00f1os h\u00e9roes que han intentado desde hace m\u00e1s de 12 meses que todo vuelva a ser como antes. Con las escandalosas cifras de personas que no siguen con nosotros, eso ser\u00e1 imposible, sumado al <strong>importante n\u00famero de negocios que tampoco han podido sobrevivir<\/strong>.<\/p>\n\n\n\n<p>Y es que luchar en una situaci\u00f3n como la que nos ha tocado vivir no nos lo imagin\u00e1bamos nadie. Es m\u00e1s, a mitad de 2021 todav\u00eda no sabemos cu\u00e1ndo podremos volver \u201c\u00bfc\u00f3mo antes?\u201d ni c\u00f3mo nos afectar\u00e1 este futuro post-pand\u00e9mico. Mientras entre todos lo averiguamos, <strong>muchos no han podido mantener a flote su negocio<\/strong>. <\/p>\n\n\n\n<p>Muchas personas han perdido su trabajo o han visto reducir sus ingresos durante meses con la incertidumbre del despedido acechando a su espalda. Para todos ellos, s<strong>olo podemos deciros que sois unos valientes<\/strong>. <\/p>\n\n\n\n<blockquote class=\"wp-block-quote is-layout-flow wp-block-quote-is-layout-flow\"><p><strong>Estamos acostumbrados a reconocer solo los\nlogros, pero no a valorar el esfuerzo cuando no tiene el final esperado<\/strong><\/p><\/blockquote>\n\n\n\n<h2 class=\"wp-block-heading\"><strong>\u00bfFracaso? \u00bfO valent\u00eda?<\/strong><\/h2>\n\n\n\n<p>Aunque la RAE califica este t\u00e9rmino como \u201cresultado adverso de una empresa o negocio\u201d, es una palabra que siempre la utilizamos como negativa, que incluso nos averg\u00fcenza. <strong>No, los negocios que no han podido sobrevivir no han fracasado<\/strong>. Han luchado, se han esforzado, han hecho c\u00e1lculos y han tenido que tomar una decisi\u00f3n. Imagino que para la mayor\u00eda una de las decisiones m\u00e1s importantes de su vida.<\/p>\n\n\n\n<p>Por eso, todos los que hoy est\u00e1n empezando otros proyectos, que han tenido que despedirse de aquel sue\u00f1o en el que tanto tiempo y dinero invirti\u00f3, deben sentirse VALIENTES. <strong>Y aunque la sociedad es poco agradecida, deb\u00e9is estar orgullosos<\/strong>.<\/p>\n\n\n\n<p>A nadie nos gusta decir \u201cme han echado\u201d, \u201cestoy pensando en cerrar\u201d, porque nos da verg\u00fcenza decirlo en voz alta. Aunque la persona que est\u00e1 delante sea de total confianza, <strong>es como si la palabra fracaso se acercara tras nuestras espaldas cada vez que sale el tema<\/strong>.<\/p>\n\n\n\n<p>Y cuando o\u00edmos casos as\u00ed, parece que solo sabemos pensar o decir un \u201cvaya\u201d, \u201ccon lo bien que les iba antes\u201d\u2026 En vez de valorar lo duro que habr\u00e1 sido dejar todos esos sue\u00f1os atr\u00e1s y <strong>reconocer todo el esfuerzo que tuvo sacar adelante un proyecto<\/strong>, sea cual sea. <\/p>\n\n\n\n<h2 class=\"wp-block-heading\"><strong>Un nuevo comienzo<\/strong><\/h2>\n\n\n\n<p>Solo tienes que dar una vuelta por tu barrio para ver qu\u00e9 locales han cerrado. Afortunadamente, de unos meses hacia aqu\u00ed tambi\u00e9n se est\u00e1 viendo que muchos est\u00e1n empezando. Y es que esta pandemia tambi\u00e9n ha servido para algunos a darse cuenta de lo que quieren, pensar en proyectos nuevos y <strong>ahora, que parece que todos volvemos a empezar, comenzar con ello<\/strong>.<\/p>\n\n\n\n<p>Una buena amiga el otro d\u00eda me dio la noticia, que tantos meses barrunt\u00f3 y que por fin me pudo decir sin titubear. <strong>\u201cHe cerrado la tienda\u201d<\/strong>, una tienda que abri\u00f3 hace casi 10 a\u00f1os con esfuerzo e ilusi\u00f3n, como lo hace cualquier emprendedor. Tras tantos meses de ingresos bajos, tanto tiempo pagando gastos en un local que no remontaba tras esta situaci\u00f3n, ha tomado una de las decisiones m\u00e1s importantes: cerrar.<\/p>\n\n\n\n<p>Y s\u00e9 que esperaba denotar en mi voz compasi\u00f3n o pena, pero no, solo quer\u00eda transmitirle mi alegr\u00eda, porque s\u00e9 que ya no era feliz. S\u00e9 que va a tener un nuevo comienzo, quiz\u00e1 no exactamente donde a ella le gustar\u00eda, pero cualquier emprendedor es un luchador nato, sabe lo que es tener ingresos inciertos, sabe lo que es hacer frente a las facturas, gestor\u00edas e impuestos\u2026 <strong>\u00bfC\u00f3mo no van a conseguir lo que se propongan?<\/strong><\/p>\n\n\n\n<p>Hace pocos d\u00edas me llam\u00f3 para\ndecirme que est\u00e1 trabajando de dependienta en una tienda de bricolaje, que ha\nvuelto a sus or\u00edgenes. Y aunque para muchos ser\u00eda como \u201cvolver hacia atr\u00e1s\u201d,\nella est\u00e1 feliz, se siente afortunada por tener cada mes un sueldo fijo, por no\nllegar a su casa con mil quebraderos de cabeza y ganas de llorar\u2026<\/p>\n\n\n\n<p>Si t\u00fa tambi\u00e9n eres o has sido emprendedor y no ha salido como esperabas o, como los dem\u00e1s esperaban, no dejes que nada te pare. No es el fin, solo un nuevo comienzo, <strong>has resistido hasta donde has podido y a eso no se llama perder, se llama levantarse para seguir adelante<\/strong>.<\/p>\n","protected":false},"excerpt":{"rendered":"<p>Qu\u00e9 dif\u00edcil ha sido sobrevivir laboralmente a esta pandemia. Lo que para algunos se ha convertido en \u00abfracaso\u00bb para mi es valent\u00eda<\/p>\n","protected":false},"author":10,"featured_media":902,"comment_status":"closed","ping_status":"closed","sticky":false,"template":"","format":"standard","meta":{"_acf_changed":false,"footnotes":""},"categories":[7],"tags":[8],"class_list":["post-901","post","type-post","status-publish","format-standard","has-post-thumbnail","hentry","category-cambio","tag-cambio"],"acf":[],"yoast_head":"<!-- This site is optimized with the Yoast SEO plugin v27.2 - https:\/\/yoast.com\/product\/yoast-seo-wordpress\/ -->\n<title>Para ti, valiente | Un post de Laura Crusellas para Bitevol<\/title>\n<meta name=\"description\" content=\"Son muchos los que han visto cambiar su vida profesional tras la llegada de la pandemia. Lo que algunos llaman fracaso, en realidad se llama valent\u00eda\" \/>\n<meta name=\"robots\" content=\"index, follow, max-snippet:-1, max-image-preview:large, max-video-preview:-1\" \/>\n<link rel=\"canonical\" href=\"https:\/\/bitevol.es\/next\/para-ti-valiente\/\" \/>\n<meta property=\"og:locale\" content=\"es_ES\" \/>\n<meta property=\"og:type\" content=\"article\" \/>\n<meta property=\"og:title\" content=\"Para ti, valiente | Un post de Laura Crusellas para Bitevol\" \/>\n<meta property=\"og:description\" content=\"Son muchos los que han visto cambiar su vida profesional tras la llegada de la pandemia. Lo que algunos llaman fracaso, en realidad se llama valent\u00eda\" \/>\n<meta property=\"og:url\" content=\"https:\/\/bitevol.es\/next\/para-ti-valiente\/\" \/>\n<meta property=\"og:site_name\" content=\"Blog de Bitevol\" \/>\n<meta property=\"article:published_time\" content=\"2021-06-04T08:20:11+00:00\" \/>\n<meta property=\"article:modified_time\" content=\"2021-07-15T06:52:41+00:00\" \/>\n<meta property=\"og:image\" content=\"https:\/\/bitevol.es\/next\/wp-content\/uploads\/2021\/06\/pexels-erdin\u00e7-ersoy-1655822.jpg\" \/>\n\t<meta property=\"og:image:width\" content=\"356\" \/>\n\t<meta property=\"og:image:height\" content=\"250\" \/>\n\t<meta property=\"og:image:type\" content=\"image\/jpeg\" \/>\n<meta name=\"author\" content=\"Laura Crusellas\" \/>\n<meta name=\"twitter:card\" content=\"summary_large_image\" \/>\n<meta name=\"twitter:label1\" content=\"Escrito por\" \/>\n\t<meta name=\"twitter:data1\" content=\"Laura Crusellas\" \/>\n\t<meta name=\"twitter:label2\" content=\"Tiempo de lectura\" \/>\n\t<meta name=\"twitter:data2\" content=\"4 minutos\" \/>\n<script type=\"application\/ld+json\" class=\"yoast-schema-graph\">{\"@context\":\"https:\/\/schema.org\",\"@graph\":[{\"@type\":\"Article\",\"@id\":\"https:\/\/bitevol.es\/next\/para-ti-valiente\/#article\",\"isPartOf\":{\"@id\":\"https:\/\/bitevol.es\/next\/para-ti-valiente\/\"},\"author\":{\"name\":\"Laura Crusellas\",\"@id\":\"https:\/\/bitevol.es\/next\/#\/schema\/person\/9ec26568024c04c2ba2c35b4a2fb2ce7\"},\"headline\":\"Para ti, valiente\",\"datePublished\":\"2021-06-04T08:20:11+00:00\",\"dateModified\":\"2021-07-15T06:52:41+00:00\",\"mainEntityOfPage\":{\"@id\":\"https:\/\/bitevol.es\/next\/para-ti-valiente\/\"},\"wordCount\":800,\"publisher\":{\"@id\":\"https:\/\/bitevol.es\/next\/#organization\"},\"image\":{\"@id\":\"https:\/\/bitevol.es\/next\/para-ti-valiente\/#primaryimage\"},\"thumbnailUrl\":\"https:\/\/bitevol.es\/next\/wp-content\/uploads\/2021\/06\/pexels-erdin\u00e7-ersoy-1655822.jpg\",\"keywords\":[\"cambio\"],\"articleSection\":[\"Cambio\"],\"inLanguage\":\"es\"},{\"@type\":\"WebPage\",\"@id\":\"https:\/\/bitevol.es\/next\/para-ti-valiente\/\",\"url\":\"https:\/\/bitevol.es\/next\/para-ti-valiente\/\",\"name\":\"Para ti, valiente | Un post de Laura Crusellas para Bitevol\",\"isPartOf\":{\"@id\":\"https:\/\/bitevol.es\/next\/#website\"},\"primaryImageOfPage\":{\"@id\":\"https:\/\/bitevol.es\/next\/para-ti-valiente\/#primaryimage\"},\"image\":{\"@id\":\"https:\/\/bitevol.es\/next\/para-ti-valiente\/#primaryimage\"},\"thumbnailUrl\":\"https:\/\/bitevol.es\/next\/wp-content\/uploads\/2021\/06\/pexels-erdin\u00e7-ersoy-1655822.jpg\",\"datePublished\":\"2021-06-04T08:20:11+00:00\",\"dateModified\":\"2021-07-15T06:52:41+00:00\",\"description\":\"Son muchos los que han visto cambiar su vida profesional tras la llegada de la pandemia. Lo que algunos llaman fracaso, en realidad se llama valent\u00eda\",\"breadcrumb\":{\"@id\":\"https:\/\/bitevol.es\/next\/para-ti-valiente\/#breadcrumb\"},\"inLanguage\":\"es\",\"potentialAction\":[{\"@type\":\"ReadAction\",\"target\":[\"https:\/\/bitevol.es\/next\/para-ti-valiente\/\"]}]},{\"@type\":\"ImageObject\",\"inLanguage\":\"es\",\"@id\":\"https:\/\/bitevol.es\/next\/para-ti-valiente\/#primaryimage\",\"url\":\"https:\/\/bitevol.es\/next\/wp-content\/uploads\/2021\/06\/pexels-erdin\u00e7-ersoy-1655822.jpg\",\"contentUrl\":\"https:\/\/bitevol.es\/next\/wp-content\/uploads\/2021\/06\/pexels-erdin\u00e7-ersoy-1655822.jpg\",\"width\":356,\"height\":250,\"caption\":\"para ti, valiente\"},{\"@type\":\"BreadcrumbList\",\"@id\":\"https:\/\/bitevol.es\/next\/para-ti-valiente\/#breadcrumb\",\"itemListElement\":[{\"@type\":\"ListItem\",\"position\":1,\"name\":\"Portada\",\"item\":\"https:\/\/bitevol.es\/next\/\"},{\"@type\":\"ListItem\",\"position\":2,\"name\":\"Para ti, valiente\"}]},{\"@type\":\"WebSite\",\"@id\":\"https:\/\/bitevol.es\/next\/#website\",\"url\":\"https:\/\/bitevol.es\/next\/\",\"name\":\"Blog de Bitevol\",\"description\":\"Oxigena tu estrategia digital\",\"publisher\":{\"@id\":\"https:\/\/bitevol.es\/next\/#organization\"},\"potentialAction\":[{\"@type\":\"SearchAction\",\"target\":{\"@type\":\"EntryPoint\",\"urlTemplate\":\"https:\/\/bitevol.es\/next\/?s={search_term_string}\"},\"query-input\":{\"@type\":\"PropertyValueSpecification\",\"valueRequired\":true,\"valueName\":\"search_term_string\"}}],\"inLanguage\":\"es\"},{\"@type\":\"Organization\",\"@id\":\"https:\/\/bitevol.es\/next\/#organization\",\"name\":\"BitEvol\",\"url\":\"https:\/\/bitevol.es\/next\/\",\"logo\":{\"@type\":\"ImageObject\",\"inLanguage\":\"es\",\"@id\":\"https:\/\/bitevol.es\/next\/#\/schema\/logo\/image\/\",\"url\":\"https:\/\/bitevol.es\/next\/wp-content\/uploads\/2018\/06\/bitevol-01.png\",\"contentUrl\":\"https:\/\/bitevol.es\/next\/wp-content\/uploads\/2018\/06\/bitevol-01.png\",\"width\":781,\"height\":324,\"caption\":\"BitEvol\"},\"image\":{\"@id\":\"https:\/\/bitevol.es\/next\/#\/schema\/logo\/image\/\"}},{\"@type\":\"Person\",\"@id\":\"https:\/\/bitevol.es\/next\/#\/schema\/person\/9ec26568024c04c2ba2c35b4a2fb2ce7\",\"name\":\"Laura Crusellas\",\"image\":{\"@type\":\"ImageObject\",\"inLanguage\":\"es\",\"@id\":\"https:\/\/secure.gravatar.com\/avatar\/e2771eb7de60f524efb19caf1f8f4aff4e2eec04623582d33dbfdc044f4b1db3?s=96&d=mm&r=g\",\"url\":\"https:\/\/secure.gravatar.com\/avatar\/e2771eb7de60f524efb19caf1f8f4aff4e2eec04623582d33dbfdc044f4b1db3?s=96&d=mm&r=g\",\"contentUrl\":\"https:\/\/secure.gravatar.com\/avatar\/e2771eb7de60f524efb19caf1f8f4aff4e2eec04623582d33dbfdc044f4b1db3?s=96&d=mm&r=g\",\"caption\":\"Laura Crusellas\"},\"description\":\"Soy periodista y apasionada del Marketing Digital. He trabajado en radio, TV y desde 2013 el entorno 2.0.\",\"url\":\"https:\/\/bitevol.es\/next\/author\/laura-crusellasgmail-com\/\"}]}<\/script>\n<!-- \/ Yoast SEO plugin. -->","yoast_head_json":{"title":"Para ti, valiente | Un post de Laura Crusellas para Bitevol","description":"Son muchos los que han visto cambiar su vida profesional tras la llegada de la pandemia. Lo que algunos llaman fracaso, en realidad se llama valent\u00eda","robots":{"index":"index","follow":"follow","max-snippet":"max-snippet:-1","max-image-preview":"max-image-preview:large","max-video-preview":"max-video-preview:-1"},"canonical":"https:\/\/bitevol.es\/next\/para-ti-valiente\/","og_locale":"es_ES","og_type":"article","og_title":"Para ti, valiente | Un post de Laura Crusellas para Bitevol","og_description":"Son muchos los que han visto cambiar su vida profesional tras la llegada de la pandemia. Lo que algunos llaman fracaso, en realidad se llama valent\u00eda","og_url":"https:\/\/bitevol.es\/next\/para-ti-valiente\/","og_site_name":"Blog de Bitevol","article_published_time":"2021-06-04T08:20:11+00:00","article_modified_time":"2021-07-15T06:52:41+00:00","og_image":[{"width":356,"height":250,"url":"https:\/\/bitevol.es\/next\/wp-content\/uploads\/2021\/06\/pexels-erdin\u00e7-ersoy-1655822.jpg","type":"image\/jpeg"}],"author":"Laura Crusellas","twitter_card":"summary_large_image","twitter_misc":{"Escrito por":"Laura Crusellas","Tiempo de lectura":"4 minutos"},"schema":{"@context":"https:\/\/schema.org","@graph":[{"@type":"Article","@id":"https:\/\/bitevol.es\/next\/para-ti-valiente\/#article","isPartOf":{"@id":"https:\/\/bitevol.es\/next\/para-ti-valiente\/"},"author":{"name":"Laura Crusellas","@id":"https:\/\/bitevol.es\/next\/#\/schema\/person\/9ec26568024c04c2ba2c35b4a2fb2ce7"},"headline":"Para ti, valiente","datePublished":"2021-06-04T08:20:11+00:00","dateModified":"2021-07-15T06:52:41+00:00","mainEntityOfPage":{"@id":"https:\/\/bitevol.es\/next\/para-ti-valiente\/"},"wordCount":800,"publisher":{"@id":"https:\/\/bitevol.es\/next\/#organization"},"image":{"@id":"https:\/\/bitevol.es\/next\/para-ti-valiente\/#primaryimage"},"thumbnailUrl":"https:\/\/bitevol.es\/next\/wp-content\/uploads\/2021\/06\/pexels-erdin\u00e7-ersoy-1655822.jpg","keywords":["cambio"],"articleSection":["Cambio"],"inLanguage":"es"},{"@type":"WebPage","@id":"https:\/\/bitevol.es\/next\/para-ti-valiente\/","url":"https:\/\/bitevol.es\/next\/para-ti-valiente\/","name":"Para ti, valiente | Un post de Laura Crusellas para Bitevol","isPartOf":{"@id":"https:\/\/bitevol.es\/next\/#website"},"primaryImageOfPage":{"@id":"https:\/\/bitevol.es\/next\/para-ti-valiente\/#primaryimage"},"image":{"@id":"https:\/\/bitevol.es\/next\/para-ti-valiente\/#primaryimage"},"thumbnailUrl":"https:\/\/bitevol.es\/next\/wp-content\/uploads\/2021\/06\/pexels-erdin\u00e7-ersoy-1655822.jpg","datePublished":"2021-06-04T08:20:11+00:00","dateModified":"2021-07-15T06:52:41+00:00","description":"Son muchos los que han visto cambiar su vida profesional tras la llegada de la pandemia. Lo que algunos llaman fracaso, en realidad se llama valent\u00eda","breadcrumb":{"@id":"https:\/\/bitevol.es\/next\/para-ti-valiente\/#breadcrumb"},"inLanguage":"es","potentialAction":[{"@type":"ReadAction","target":["https:\/\/bitevol.es\/next\/para-ti-valiente\/"]}]},{"@type":"ImageObject","inLanguage":"es","@id":"https:\/\/bitevol.es\/next\/para-ti-valiente\/#primaryimage","url":"https:\/\/bitevol.es\/next\/wp-content\/uploads\/2021\/06\/pexels-erdin\u00e7-ersoy-1655822.jpg","contentUrl":"https:\/\/bitevol.es\/next\/wp-content\/uploads\/2021\/06\/pexels-erdin\u00e7-ersoy-1655822.jpg","width":356,"height":250,"caption":"para ti, valiente"},{"@type":"BreadcrumbList","@id":"https:\/\/bitevol.es\/next\/para-ti-valiente\/#breadcrumb","itemListElement":[{"@type":"ListItem","position":1,"name":"Portada","item":"https:\/\/bitevol.es\/next\/"},{"@type":"ListItem","position":2,"name":"Para ti, valiente"}]},{"@type":"WebSite","@id":"https:\/\/bitevol.es\/next\/#website","url":"https:\/\/bitevol.es\/next\/","name":"Blog de Bitevol","description":"Oxigena tu estrategia digital","publisher":{"@id":"https:\/\/bitevol.es\/next\/#organization"},"potentialAction":[{"@type":"SearchAction","target":{"@type":"EntryPoint","urlTemplate":"https:\/\/bitevol.es\/next\/?s={search_term_string}"},"query-input":{"@type":"PropertyValueSpecification","valueRequired":true,"valueName":"search_term_string"}}],"inLanguage":"es"},{"@type":"Organization","@id":"https:\/\/bitevol.es\/next\/#organization","name":"BitEvol","url":"https:\/\/bitevol.es\/next\/","logo":{"@type":"ImageObject","inLanguage":"es","@id":"https:\/\/bitevol.es\/next\/#\/schema\/logo\/image\/","url":"https:\/\/bitevol.es\/next\/wp-content\/uploads\/2018\/06\/bitevol-01.png","contentUrl":"https:\/\/bitevol.es\/next\/wp-content\/uploads\/2018\/06\/bitevol-01.png","width":781,"height":324,"caption":"BitEvol"},"image":{"@id":"https:\/\/bitevol.es\/next\/#\/schema\/logo\/image\/"}},{"@type":"Person","@id":"https:\/\/bitevol.es\/next\/#\/schema\/person\/9ec26568024c04c2ba2c35b4a2fb2ce7","name":"Laura Crusellas","image":{"@type":"ImageObject","inLanguage":"es","@id":"https:\/\/secure.gravatar.com\/avatar\/e2771eb7de60f524efb19caf1f8f4aff4e2eec04623582d33dbfdc044f4b1db3?s=96&d=mm&r=g","url":"https:\/\/secure.gravatar.com\/avatar\/e2771eb7de60f524efb19caf1f8f4aff4e2eec04623582d33dbfdc044f4b1db3?s=96&d=mm&r=g","contentUrl":"https:\/\/secure.gravatar.com\/avatar\/e2771eb7de60f524efb19caf1f8f4aff4e2eec04623582d33dbfdc044f4b1db3?s=96&d=mm&r=g","caption":"Laura Crusellas"},"description":"Soy periodista y apasionada del Marketing Digital. He trabajado en radio, TV y desde 2013 el entorno 2.0.","url":"https:\/\/bitevol.es\/next\/author\/laura-crusellasgmail-com\/"}]}},"_links":{"self":[{"href":"https:\/\/bitevol.es\/next\/wp-json\/wp\/v2\/posts\/901","targetHints":{"allow":["GET"]}}],"collection":[{"href":"https:\/\/bitevol.es\/next\/wp-json\/wp\/v2\/posts"}],"about":[{"href":"https:\/\/bitevol.es\/next\/wp-json\/wp\/v2\/types\/post"}],"author":[{"embeddable":true,"href":"https:\/\/bitevol.es\/next\/wp-json\/wp\/v2\/users\/10"}],"replies":[{"embeddable":true,"href":"https:\/\/bitevol.es\/next\/wp-json\/wp\/v2\/comments?post=901"}],"version-history":[{"count":3,"href":"https:\/\/bitevol.es\/next\/wp-json\/wp\/v2\/posts\/901\/revisions"}],"predecessor-version":[{"id":906,"href":"https:\/\/bitevol.es\/next\/wp-json\/wp\/v2\/posts\/901\/revisions\/906"}],"wp:featuredmedia":[{"embeddable":true,"href":"https:\/\/bitevol.es\/next\/wp-json\/wp\/v2\/media\/902"}],"wp:attachment":[{"href":"https:\/\/bitevol.es\/next\/wp-json\/wp\/v2\/media?parent=901"}],"wp:term":[{"taxonomy":"category","embeddable":true,"href":"https:\/\/bitevol.es\/next\/wp-json\/wp\/v2\/categories?post=901"},{"taxonomy":"post_tag","embeddable":true,"href":"https:\/\/bitevol.es\/next\/wp-json\/wp\/v2\/tags?post=901"}],"curies":[{"name":"wp","href":"https:\/\/api.w.org\/{rel}","templated":true}]}}