
{"id":950,"date":"2021-08-03T07:08:11","date_gmt":"2021-08-03T07:08:11","guid":{"rendered":"https:\/\/bitevol.es\/blog\/?p=950"},"modified":"2021-08-03T07:08:45","modified_gmt":"2021-08-03T07:08:45","slug":"cuenta-cuesta-decir-no","status":"publish","type":"post","link":"https:\/\/bitevol.es\/next\/cuenta-cuesta-decir-no\/","title":{"rendered":"\u00bfCu\u00e1nto te cuesta decir \u201cno\u201d?\ufeff"},"content":{"rendered":"\n<p>Uno de los <strong>cuentos favoritos de mi hijo habla de la asertividad<\/strong>, aunque \u00e9l no tendr\u00e1 ni idea de qu\u00e9 es eso hasta que no pasen unos a\u00f1os. La historia habla de Pepincho, un erizo que, por complacer a los dem\u00e1s animales, les va dando sus p\u00faas seg\u00fan se las piden y al final se queda sin ninguna. Cuando le ataca un \u00e1guila, al no poder protegerse con las p\u00faas que regal\u00f3, se ve desamparado y, lo que es peor, ninguno de los dem\u00e1s animales que \u00e9l ayud\u00f3 le devuelve el favor.<\/p>\n\n\n\n<p>Y este cuento que tantas noches le he le\u00eddo me recuerda a lo que muchos vivimos en el trabajo. Todos hemos sido alguna vez como Pepincho y hemos antepuesto nuestras necesidades a las de los dem\u00e1s. <strong>\u00bfCu\u00e1ntas veces has dejado el trabajo que te hab\u00edas programado por un \u201cnecesito esto de forma urgente\u201d, y luego realmente no lo fue?<\/strong> \u00bfCu\u00e1ntas veces has mirado el reloj y te da la sensaci\u00f3n de que llevas horas trabajando para otros en vez de para ti?<\/p>\n\n\n\n<blockquote class=\"wp-block-quote is-layout-flow wp-block-quote-is-layout-flow\"><p><strong>El problema est\u00e1 en ti y en no saber decir que \u201cno\u201d cuando es realmente necesario<\/strong><\/p><\/blockquote>\n\n\n\n<h2 class=\"wp-block-heading\"><strong>Ahora no, cuando est\u00e9 disponible s\u00ed<\/strong><\/h2>\n\n\n\n<p>El origen de que <strong>pases m\u00e1s tiempo atendiendo el trabajo de los dem\u00e1s con respecto al tuyo <\/strong>est\u00e1 en la atenci\u00f3n que prestas al tel\u00e9fono y al correo electr\u00f3nico. Con respecto a este \u00faltimo, lo ideal es fijarte solo dos o tres momentos al d\u00eda para revisarlo. Si cada vez que te llega una notificaci\u00f3n de correo entrante, paralizas tu trabajo, lo lees, revisas lo que te solicitan, lo realizas y contestas, acabas de paralizar tu trabajo durante 10 minutos, 30 o incluso m\u00e1s.<\/p>\n\n\n\n<p>\u00bfRealmente era tan urgente? \u00bfEs m\u00e1s importante que t\u00fa dejes de ser productivo a hacer ese tipo de parones para los dem\u00e1s? Los emails y notificaciones de otro tipo de herramientas de comunicaci\u00f3n est\u00e1n genial para agilizar la informaci\u00f3n, pero <strong>si t\u00fa no sabes gestionar el tiempo que inviertes en ello, el que pierde tiempo (y, en definitiva, dinero) solamente eres t\u00fa<\/strong>.<\/p>\n\n\n\n<p>El tel\u00e9fono es otra de las \u201cdistracciones\u201d que nos hace no optimizar nuestro trabajo y dedicar el tiempo a otros por no decir un \u201cno\u201d a tiempo. A tel\u00e9fono no solo me refiero a que te pasen una llamada y te sientas obligado a atenderla (que tambi\u00e9n), sino a todas las comunicaciones que puedes recibir a trav\u00e9s de APPs, redes sociales, Telegram, WhatsApp\u2026 Y s\u00ed, <strong>estar en contacto con clientes, compa\u00f1eros y colaboradores est\u00e1 genial, pero hay que saber c\u00f3mo gestionarlo<\/strong>.<\/p>\n\n\n\n<blockquote class=\"wp-block-quote is-layout-flow wp-block-quote-is-layout-flow\"><p><strong>Alguna te has parado a pensar si \u00bfrealmente es necesidad laboral o es adicci\u00f3n por este tipo de herramientas?<\/strong><\/p><\/blockquote>\n\n\n\n<p>\u00bfQu\u00e9 debes cambiar? <strong>El poder decir, aunque sea mentalmente y para ti mismo, \u201cahora no, cuando est\u00e9 disponible\u201d<\/strong>. Cuando realmente hay una urgencia, la gente que te conoce y que verdaderamente su trabajo depende de ti, van a saber c\u00f3mo contactar contigo. Vas a recibir una llamada directamente a tu tel\u00e9fono y entonces s\u00ed, quiz\u00e1 eso s\u00ed es un caso excepcional. <\/p>\n\n\n\n<p>Para todo lo dem\u00e1s, aprende desde ya a hacerles entender que les ayudar\u00e1s, har\u00e1s tu trabajo con el proyecto que teng\u00e1is en com\u00fan, pero <strong>cuando puedas, cuando t\u00fa lo hayas planificado<\/strong>. S\u00e9 t\u00fa el due\u00f1o de tu tiempo y admin\u00edstralo de la forma en la que te saques el mayor rendimiento. <\/p>\n\n\n\n<p>Por ejemplo, a primera hora del d\u00eda es cuando yo estoy m\u00e1s activa, con m\u00e1s energ\u00eda y es cuando <strong>aprovecho para hacer lo m\u00e1s urgente\/importante\/costoso<\/strong>. Y utilizo las \u00faltimas dos horas del d\u00eda para hacer una \u00faltima revisi\u00f3n de emails y herramientas de trabajo e ir resolviendo esas dudas que hayan podido surgir a lo largo del d\u00eda.<\/p>\n\n\n\n<h2 class=\"wp-block-heading\"><strong>Quien mucho abarca\u2026<\/strong><\/h2>\n\n\n\n<p>Lo s\u00e9, si no aceptas presupuestos los pierdes. Si no te muestras disponible, se ir\u00e1n con otros. Si no llegas a tiempo con un proyecto, quedar\u00e1n descontentos. Es l\u00f3gico. Y especialmente si eres aut\u00f3nomo s\u00e9 lo complicado que es <strong><a href=\"https:\/\/bitevol.es\/next\/saber-decir-no-a-clientes\/\">decir un \u201cno\u201d<\/a>, porque seguramente puede convertirse en un \u201chasta nunca\u201d<\/strong>. <\/p>\n\n\n\n<p>Sin embargo, como dice el dicho <strong>\u201cquien mucho abarca, poco aprieta\u201d y seguro que muchas veces te has sentido as\u00ed<\/strong>. Has estado hasta arriba de trabajo, tienes un colapso mental que no sabes ni qu\u00e9 proyecto continuar, te pasas m\u00e1s tiempo dando excusas que siendo productivo y al final, alguno de esos proyectos acaba siendo un desastre.<\/p>\n\n\n\n<p>Yo a veces me siento como una malabarista (metaf\u00f3ricamente, porque siempre se me han dado fatal) y paso d\u00edas en tensi\u00f3n sufriendo por mantener el equilibro. \u00bfRealmente merece la pena vivir as\u00ed? <strong>\u00bfEs mejor no dar el 100% de ti en 5 proyectos que dar un 25% a 15 y alargar la entrega de todos?<\/strong><\/p>\n\n\n\n<p>El problema de nuevo, no decir un \u201cno\u201d a tiempo, o por lo menos un \u201cno ahora, pero m\u00e1s adelante\u2026\u201d \u00bfQu\u00e9 eso supone arriesgar una p\u00e9rdida? Puede ser, pero <strong>quiz\u00e1 en vez de una p\u00e9rdida tienes cuatro de proyectos acabados, pero no con la satisfacci\u00f3n esperada<\/strong>.<\/p>\n\n\n\n<p>Para vivir m\u00e1s tranquilo, m\u00e1s enfocado en tus proyectos, aprovechar al m\u00e1ximo el tiempo y sentir que realmente eres productivo, <strong>debemos aprender a decir \u201cno\u201d, aunque nadie haya dicho que sea f\u00e1cil\u2026<\/strong><\/p>\n","protected":false},"excerpt":{"rendered":"<p>Decir NO es m\u00e1s dif\u00edcil de lo que parece, pero en ocasiones, es necesario para un trabajo satisfactorio<\/p>\n","protected":false},"author":10,"featured_media":951,"comment_status":"closed","ping_status":"closed","sticky":false,"template":"","format":"standard","meta":{"_acf_changed":false,"footnotes":""},"categories":[13],"tags":[14,15,12],"class_list":["post-950","post","type-post","status-publish","format-standard","has-post-thumbnail","hentry","category-equipos","tag-equipos","tag-negocio-digital","tag-venta-relacional"],"acf":[],"yoast_head":"<!-- This site is optimized with the Yoast SEO plugin v27.2 - https:\/\/yoast.com\/product\/yoast-seo-wordpress\/ -->\n<title>\u00bfCu\u00e1nto te cuesta decir no? | Post de Laura Crusellas para Bitevol<\/title>\n<meta name=\"description\" content=\"Para que el valor de lo que haces o vendes se mida en calidad y no en cantidad, debes decir en ocasiones un &quot;no&quot; a tiempo. Pero, \u00bfc\u00f3mo?\" \/>\n<meta name=\"robots\" content=\"index, follow, max-snippet:-1, max-image-preview:large, max-video-preview:-1\" \/>\n<link rel=\"canonical\" href=\"https:\/\/bitevol.es\/next\/cuenta-cuesta-decir-no\/\" \/>\n<meta property=\"og:locale\" content=\"es_ES\" \/>\n<meta property=\"og:type\" content=\"article\" \/>\n<meta property=\"og:title\" content=\"\u00bfCu\u00e1nto te cuesta decir no? | Post de Laura Crusellas para Bitevol\" \/>\n<meta property=\"og:description\" content=\"Para que el valor de lo que haces o vendes se mida en calidad y no en cantidad, debes decir en ocasiones un &quot;no&quot; a tiempo. Pero, \u00bfc\u00f3mo?\" \/>\n<meta property=\"og:url\" content=\"https:\/\/bitevol.es\/next\/cuenta-cuesta-decir-no\/\" \/>\n<meta property=\"og:site_name\" content=\"Blog de Bitevol\" \/>\n<meta property=\"article:published_time\" content=\"2021-08-03T07:08:11+00:00\" \/>\n<meta property=\"article:modified_time\" content=\"2021-08-03T07:08:45+00:00\" \/>\n<meta property=\"og:image\" content=\"https:\/\/bitevol.es\/next\/wp-content\/uploads\/2021\/08\/pexels-vie-studio-4439421.jpg\" \/>\n\t<meta property=\"og:image:width\" content=\"356\" \/>\n\t<meta property=\"og:image:height\" content=\"250\" \/>\n\t<meta property=\"og:image:type\" content=\"image\/jpeg\" \/>\n<meta name=\"author\" content=\"Laura Crusellas\" \/>\n<meta name=\"twitter:card\" content=\"summary_large_image\" \/>\n<meta name=\"twitter:label1\" content=\"Escrito por\" \/>\n\t<meta name=\"twitter:data1\" content=\"Laura Crusellas\" \/>\n\t<meta name=\"twitter:label2\" content=\"Tiempo de lectura\" \/>\n\t<meta name=\"twitter:data2\" content=\"5 minutos\" \/>\n<script type=\"application\/ld+json\" class=\"yoast-schema-graph\">{\"@context\":\"https:\/\/schema.org\",\"@graph\":[{\"@type\":\"Article\",\"@id\":\"https:\/\/bitevol.es\/next\/cuenta-cuesta-decir-no\/#article\",\"isPartOf\":{\"@id\":\"https:\/\/bitevol.es\/next\/cuenta-cuesta-decir-no\/\"},\"author\":{\"name\":\"Laura Crusellas\",\"@id\":\"https:\/\/bitevol.es\/next\/#\/schema\/person\/9ec26568024c04c2ba2c35b4a2fb2ce7\"},\"headline\":\"\u00bfCu\u00e1nto te cuesta decir \u201cno\u201d?\ufeff\",\"datePublished\":\"2021-08-03T07:08:11+00:00\",\"dateModified\":\"2021-08-03T07:08:45+00:00\",\"mainEntityOfPage\":{\"@id\":\"https:\/\/bitevol.es\/next\/cuenta-cuesta-decir-no\/\"},\"wordCount\":922,\"publisher\":{\"@id\":\"https:\/\/bitevol.es\/next\/#organization\"},\"image\":{\"@id\":\"https:\/\/bitevol.es\/next\/cuenta-cuesta-decir-no\/#primaryimage\"},\"thumbnailUrl\":\"https:\/\/bitevol.es\/next\/wp-content\/uploads\/2021\/08\/pexels-vie-studio-4439421.jpg\",\"keywords\":[\"equipos\",\"negocio-digital\",\"venta relacional\"],\"articleSection\":[\"Equipos\"],\"inLanguage\":\"es\"},{\"@type\":\"WebPage\",\"@id\":\"https:\/\/bitevol.es\/next\/cuenta-cuesta-decir-no\/\",\"url\":\"https:\/\/bitevol.es\/next\/cuenta-cuesta-decir-no\/\",\"name\":\"\u00bfCu\u00e1nto te cuesta decir no? | Post de Laura Crusellas para Bitevol\",\"isPartOf\":{\"@id\":\"https:\/\/bitevol.es\/next\/#website\"},\"primaryImageOfPage\":{\"@id\":\"https:\/\/bitevol.es\/next\/cuenta-cuesta-decir-no\/#primaryimage\"},\"image\":{\"@id\":\"https:\/\/bitevol.es\/next\/cuenta-cuesta-decir-no\/#primaryimage\"},\"thumbnailUrl\":\"https:\/\/bitevol.es\/next\/wp-content\/uploads\/2021\/08\/pexels-vie-studio-4439421.jpg\",\"datePublished\":\"2021-08-03T07:08:11+00:00\",\"dateModified\":\"2021-08-03T07:08:45+00:00\",\"description\":\"Para que el valor de lo que haces o vendes se mida en calidad y no en cantidad, debes decir en ocasiones un \\\"no\\\" a tiempo. Pero, \u00bfc\u00f3mo?\",\"breadcrumb\":{\"@id\":\"https:\/\/bitevol.es\/next\/cuenta-cuesta-decir-no\/#breadcrumb\"},\"inLanguage\":\"es\",\"potentialAction\":[{\"@type\":\"ReadAction\",\"target\":[\"https:\/\/bitevol.es\/next\/cuenta-cuesta-decir-no\/\"]}]},{\"@type\":\"ImageObject\",\"inLanguage\":\"es\",\"@id\":\"https:\/\/bitevol.es\/next\/cuenta-cuesta-decir-no\/#primaryimage\",\"url\":\"https:\/\/bitevol.es\/next\/wp-content\/uploads\/2021\/08\/pexels-vie-studio-4439421.jpg\",\"contentUrl\":\"https:\/\/bitevol.es\/next\/wp-content\/uploads\/2021\/08\/pexels-vie-studio-4439421.jpg\",\"width\":356,\"height\":250,\"caption\":\"cuanto cuesta decir no\"},{\"@type\":\"BreadcrumbList\",\"@id\":\"https:\/\/bitevol.es\/next\/cuenta-cuesta-decir-no\/#breadcrumb\",\"itemListElement\":[{\"@type\":\"ListItem\",\"position\":1,\"name\":\"Portada\",\"item\":\"https:\/\/bitevol.es\/next\/\"},{\"@type\":\"ListItem\",\"position\":2,\"name\":\"\u00bfCu\u00e1nto te cuesta decir \u201cno\u201d?\ufeff\"}]},{\"@type\":\"WebSite\",\"@id\":\"https:\/\/bitevol.es\/next\/#website\",\"url\":\"https:\/\/bitevol.es\/next\/\",\"name\":\"Blog de Bitevol\",\"description\":\"Oxigena tu estrategia digital\",\"publisher\":{\"@id\":\"https:\/\/bitevol.es\/next\/#organization\"},\"potentialAction\":[{\"@type\":\"SearchAction\",\"target\":{\"@type\":\"EntryPoint\",\"urlTemplate\":\"https:\/\/bitevol.es\/next\/?s={search_term_string}\"},\"query-input\":{\"@type\":\"PropertyValueSpecification\",\"valueRequired\":true,\"valueName\":\"search_term_string\"}}],\"inLanguage\":\"es\"},{\"@type\":\"Organization\",\"@id\":\"https:\/\/bitevol.es\/next\/#organization\",\"name\":\"BitEvol\",\"url\":\"https:\/\/bitevol.es\/next\/\",\"logo\":{\"@type\":\"ImageObject\",\"inLanguage\":\"es\",\"@id\":\"https:\/\/bitevol.es\/next\/#\/schema\/logo\/image\/\",\"url\":\"https:\/\/bitevol.es\/next\/wp-content\/uploads\/2018\/06\/bitevol-01.png\",\"contentUrl\":\"https:\/\/bitevol.es\/next\/wp-content\/uploads\/2018\/06\/bitevol-01.png\",\"width\":781,\"height\":324,\"caption\":\"BitEvol\"},\"image\":{\"@id\":\"https:\/\/bitevol.es\/next\/#\/schema\/logo\/image\/\"}},{\"@type\":\"Person\",\"@id\":\"https:\/\/bitevol.es\/next\/#\/schema\/person\/9ec26568024c04c2ba2c35b4a2fb2ce7\",\"name\":\"Laura Crusellas\",\"image\":{\"@type\":\"ImageObject\",\"inLanguage\":\"es\",\"@id\":\"https:\/\/secure.gravatar.com\/avatar\/e2771eb7de60f524efb19caf1f8f4aff4e2eec04623582d33dbfdc044f4b1db3?s=96&d=mm&r=g\",\"url\":\"https:\/\/secure.gravatar.com\/avatar\/e2771eb7de60f524efb19caf1f8f4aff4e2eec04623582d33dbfdc044f4b1db3?s=96&d=mm&r=g\",\"contentUrl\":\"https:\/\/secure.gravatar.com\/avatar\/e2771eb7de60f524efb19caf1f8f4aff4e2eec04623582d33dbfdc044f4b1db3?s=96&d=mm&r=g\",\"caption\":\"Laura Crusellas\"},\"description\":\"Soy periodista y apasionada del Marketing Digital. He trabajado en radio, TV y desde 2013 el entorno 2.0.\",\"url\":\"https:\/\/bitevol.es\/next\/author\/laura-crusellasgmail-com\/\"}]}<\/script>\n<!-- \/ Yoast SEO plugin. -->","yoast_head_json":{"title":"\u00bfCu\u00e1nto te cuesta decir no? | Post de Laura Crusellas para Bitevol","description":"Para que el valor de lo que haces o vendes se mida en calidad y no en cantidad, debes decir en ocasiones un \"no\" a tiempo. Pero, \u00bfc\u00f3mo?","robots":{"index":"index","follow":"follow","max-snippet":"max-snippet:-1","max-image-preview":"max-image-preview:large","max-video-preview":"max-video-preview:-1"},"canonical":"https:\/\/bitevol.es\/next\/cuenta-cuesta-decir-no\/","og_locale":"es_ES","og_type":"article","og_title":"\u00bfCu\u00e1nto te cuesta decir no? | Post de Laura Crusellas para Bitevol","og_description":"Para que el valor de lo que haces o vendes se mida en calidad y no en cantidad, debes decir en ocasiones un \"no\" a tiempo. Pero, \u00bfc\u00f3mo?","og_url":"https:\/\/bitevol.es\/next\/cuenta-cuesta-decir-no\/","og_site_name":"Blog de Bitevol","article_published_time":"2021-08-03T07:08:11+00:00","article_modified_time":"2021-08-03T07:08:45+00:00","og_image":[{"width":356,"height":250,"url":"https:\/\/bitevol.es\/next\/wp-content\/uploads\/2021\/08\/pexels-vie-studio-4439421.jpg","type":"image\/jpeg"}],"author":"Laura Crusellas","twitter_card":"summary_large_image","twitter_misc":{"Escrito por":"Laura Crusellas","Tiempo de lectura":"5 minutos"},"schema":{"@context":"https:\/\/schema.org","@graph":[{"@type":"Article","@id":"https:\/\/bitevol.es\/next\/cuenta-cuesta-decir-no\/#article","isPartOf":{"@id":"https:\/\/bitevol.es\/next\/cuenta-cuesta-decir-no\/"},"author":{"name":"Laura Crusellas","@id":"https:\/\/bitevol.es\/next\/#\/schema\/person\/9ec26568024c04c2ba2c35b4a2fb2ce7"},"headline":"\u00bfCu\u00e1nto te cuesta decir \u201cno\u201d?\ufeff","datePublished":"2021-08-03T07:08:11+00:00","dateModified":"2021-08-03T07:08:45+00:00","mainEntityOfPage":{"@id":"https:\/\/bitevol.es\/next\/cuenta-cuesta-decir-no\/"},"wordCount":922,"publisher":{"@id":"https:\/\/bitevol.es\/next\/#organization"},"image":{"@id":"https:\/\/bitevol.es\/next\/cuenta-cuesta-decir-no\/#primaryimage"},"thumbnailUrl":"https:\/\/bitevol.es\/next\/wp-content\/uploads\/2021\/08\/pexels-vie-studio-4439421.jpg","keywords":["equipos","negocio-digital","venta relacional"],"articleSection":["Equipos"],"inLanguage":"es"},{"@type":"WebPage","@id":"https:\/\/bitevol.es\/next\/cuenta-cuesta-decir-no\/","url":"https:\/\/bitevol.es\/next\/cuenta-cuesta-decir-no\/","name":"\u00bfCu\u00e1nto te cuesta decir no? | Post de Laura Crusellas para Bitevol","isPartOf":{"@id":"https:\/\/bitevol.es\/next\/#website"},"primaryImageOfPage":{"@id":"https:\/\/bitevol.es\/next\/cuenta-cuesta-decir-no\/#primaryimage"},"image":{"@id":"https:\/\/bitevol.es\/next\/cuenta-cuesta-decir-no\/#primaryimage"},"thumbnailUrl":"https:\/\/bitevol.es\/next\/wp-content\/uploads\/2021\/08\/pexels-vie-studio-4439421.jpg","datePublished":"2021-08-03T07:08:11+00:00","dateModified":"2021-08-03T07:08:45+00:00","description":"Para que el valor de lo que haces o vendes se mida en calidad y no en cantidad, debes decir en ocasiones un \"no\" a tiempo. Pero, \u00bfc\u00f3mo?","breadcrumb":{"@id":"https:\/\/bitevol.es\/next\/cuenta-cuesta-decir-no\/#breadcrumb"},"inLanguage":"es","potentialAction":[{"@type":"ReadAction","target":["https:\/\/bitevol.es\/next\/cuenta-cuesta-decir-no\/"]}]},{"@type":"ImageObject","inLanguage":"es","@id":"https:\/\/bitevol.es\/next\/cuenta-cuesta-decir-no\/#primaryimage","url":"https:\/\/bitevol.es\/next\/wp-content\/uploads\/2021\/08\/pexels-vie-studio-4439421.jpg","contentUrl":"https:\/\/bitevol.es\/next\/wp-content\/uploads\/2021\/08\/pexels-vie-studio-4439421.jpg","width":356,"height":250,"caption":"cuanto cuesta decir no"},{"@type":"BreadcrumbList","@id":"https:\/\/bitevol.es\/next\/cuenta-cuesta-decir-no\/#breadcrumb","itemListElement":[{"@type":"ListItem","position":1,"name":"Portada","item":"https:\/\/bitevol.es\/next\/"},{"@type":"ListItem","position":2,"name":"\u00bfCu\u00e1nto te cuesta decir \u201cno\u201d?\ufeff"}]},{"@type":"WebSite","@id":"https:\/\/bitevol.es\/next\/#website","url":"https:\/\/bitevol.es\/next\/","name":"Blog de Bitevol","description":"Oxigena tu estrategia digital","publisher":{"@id":"https:\/\/bitevol.es\/next\/#organization"},"potentialAction":[{"@type":"SearchAction","target":{"@type":"EntryPoint","urlTemplate":"https:\/\/bitevol.es\/next\/?s={search_term_string}"},"query-input":{"@type":"PropertyValueSpecification","valueRequired":true,"valueName":"search_term_string"}}],"inLanguage":"es"},{"@type":"Organization","@id":"https:\/\/bitevol.es\/next\/#organization","name":"BitEvol","url":"https:\/\/bitevol.es\/next\/","logo":{"@type":"ImageObject","inLanguage":"es","@id":"https:\/\/bitevol.es\/next\/#\/schema\/logo\/image\/","url":"https:\/\/bitevol.es\/next\/wp-content\/uploads\/2018\/06\/bitevol-01.png","contentUrl":"https:\/\/bitevol.es\/next\/wp-content\/uploads\/2018\/06\/bitevol-01.png","width":781,"height":324,"caption":"BitEvol"},"image":{"@id":"https:\/\/bitevol.es\/next\/#\/schema\/logo\/image\/"}},{"@type":"Person","@id":"https:\/\/bitevol.es\/next\/#\/schema\/person\/9ec26568024c04c2ba2c35b4a2fb2ce7","name":"Laura Crusellas","image":{"@type":"ImageObject","inLanguage":"es","@id":"https:\/\/secure.gravatar.com\/avatar\/e2771eb7de60f524efb19caf1f8f4aff4e2eec04623582d33dbfdc044f4b1db3?s=96&d=mm&r=g","url":"https:\/\/secure.gravatar.com\/avatar\/e2771eb7de60f524efb19caf1f8f4aff4e2eec04623582d33dbfdc044f4b1db3?s=96&d=mm&r=g","contentUrl":"https:\/\/secure.gravatar.com\/avatar\/e2771eb7de60f524efb19caf1f8f4aff4e2eec04623582d33dbfdc044f4b1db3?s=96&d=mm&r=g","caption":"Laura Crusellas"},"description":"Soy periodista y apasionada del Marketing Digital. He trabajado en radio, TV y desde 2013 el entorno 2.0.","url":"https:\/\/bitevol.es\/next\/author\/laura-crusellasgmail-com\/"}]}},"_links":{"self":[{"href":"https:\/\/bitevol.es\/next\/wp-json\/wp\/v2\/posts\/950","targetHints":{"allow":["GET"]}}],"collection":[{"href":"https:\/\/bitevol.es\/next\/wp-json\/wp\/v2\/posts"}],"about":[{"href":"https:\/\/bitevol.es\/next\/wp-json\/wp\/v2\/types\/post"}],"author":[{"embeddable":true,"href":"https:\/\/bitevol.es\/next\/wp-json\/wp\/v2\/users\/10"}],"replies":[{"embeddable":true,"href":"https:\/\/bitevol.es\/next\/wp-json\/wp\/v2\/comments?post=950"}],"version-history":[{"count":1,"href":"https:\/\/bitevol.es\/next\/wp-json\/wp\/v2\/posts\/950\/revisions"}],"predecessor-version":[{"id":952,"href":"https:\/\/bitevol.es\/next\/wp-json\/wp\/v2\/posts\/950\/revisions\/952"}],"wp:featuredmedia":[{"embeddable":true,"href":"https:\/\/bitevol.es\/next\/wp-json\/wp\/v2\/media\/951"}],"wp:attachment":[{"href":"https:\/\/bitevol.es\/next\/wp-json\/wp\/v2\/media?parent=950"}],"wp:term":[{"taxonomy":"category","embeddable":true,"href":"https:\/\/bitevol.es\/next\/wp-json\/wp\/v2\/categories?post=950"},{"taxonomy":"post_tag","embeddable":true,"href":"https:\/\/bitevol.es\/next\/wp-json\/wp\/v2\/tags?post=950"}],"curies":[{"name":"wp","href":"https:\/\/api.w.org\/{rel}","templated":true}]}}